{"id":37297,"date":"2013-04-27T02:46:45","date_gmt":"2013-04-27T02:46:45","guid":{"rendered":null},"modified":"-0001-11-30T00:00:00","modified_gmt":"-0001-11-30T00:00:00","slug":"the-catalan-president-ensures-that-euro-per-recipe-has-come-to-stay","status":"publish","type":"post","link":"https:\/\/www.best-dentist-dentistry.com\/de\/the-catalan-president-ensures-that-euro-per-recipe-has-come-to-stay\/37297","title":{"rendered":"Der katalanische Pr\u00e4sident sorgt daf\u00fcr, dass Euro pro Rezept &#8220;gekommen um zu bleiben&#8221;"},"content":{"rendered":"<p class=\"first\"> BARCELONA, 22 (EUROPA PRESS)<\/p>\n<p>Der Pr\u00e4sident der Generalitat, Artur Mas, hat am Freitag Euro pro Rezept, das Inkrafttreten von &#8220;Samstag gekommen um zu bleiben&#8221;, die sichergestellt hat kommt, dass die Ma\u00dfnahme nicht auf einer Laune der Regierung, sondern eine Notwendigkeit reagiert sichergestellt.<\/p>\n<p>&#8220;Ist nicht aus einer Laune heraus, sondern weil braucht es unser Gesundheitssystem, das ist sehr gut und muss erhalten werden&#8221;, sagte in der Erkl\u00e4rungen zu Reportern aus New York im Rahmen seiner offiziellen Reise in die USA.<\/p>\n<p>, Aber es wurde argumentiert, dass ein gro\u00dfer Teil der B\u00fcrger &#8220;kann perfekt machen ein wenig Aufwand&#8221; hat Berufung eingelegt, um das Gef\u00fchl des Landes von den Katalanen und ihren Sinn f\u00fcr Gemeinschaft, die Dinge von Katalonien zu bewahren.<\/p>\n<p>Pr\u00e4sident hat f\u00fcr alle anwenden &#8220;ein wenig gesunden Menschenverstand und Gro\u00dfz\u00fcgigkeit&#8221; bezeichnet und hat argumentiert, dass in den meisten europ\u00e4ischen L\u00e4ndern gibt es \u00e4hnliche Ma\u00dfnahmen der Selbstbeteiligung.<\/p>\n<p>Behauptet es, auch diese Ma\u00dfnahme den Menschenhandel, die &#8220;Personen mit weniger Ressourcen nicht sehen, dass es an den Rand gedr\u00e4ngt&#8221;, und es ist wie im Beispiel die Existenz des kollektiven gratis &#8211; kollektive und chronischen Patienten mit weniger wirtschaftlichen M\u00f6glichkeiten- und oben auf 61 Milliarden Euro gewesen.     <\/p>\n","protected":false},"excerpt":{"rendered":"<p>BARCELONA, 22 (EUROPA PRESS) Der Pr\u00e4sident der Generalitat, Artur Mas, hat am Freitag Euro pro Rezept, das Inkrafttreten von &#8220;Samstag gekommen um zu bleiben&#8221;, die sichergestellt hat kommt, dass die Ma\u00dfnahme nicht auf einer Laune der Regierung, sondern eine Notwendigkeit reagiert sichergestellt. &#8220;Ist nicht aus einer Laune heraus, sondern weil braucht es unser Gesundheitssystem, das [&hellip;]<\/p>\n","protected":false},"author":1,"featured_media":0,"comment_status":"close","ping_status":"open","sticky":false,"template":"","format":"standard","meta":{"footnotes":""},"categories":[3],"tags":[46850],"class_list":["post-37297","post","type-post","status-publish","format-standard","hentry","category-allgemeine","tag-wen","et-doesnt-have-format-content","et_post_format-et-post-format-standard"],"_links":{"self":[{"href":"https:\/\/www.best-dentist-dentistry.com\/de\/wp-json\/wp\/v2\/posts\/37297","targetHints":{"allow":["GET"]}}],"collection":[{"href":"https:\/\/www.best-dentist-dentistry.com\/de\/wp-json\/wp\/v2\/posts"}],"about":[{"href":"https:\/\/www.best-dentist-dentistry.com\/de\/wp-json\/wp\/v2\/types\/post"}],"author":[{"embeddable":true,"href":"https:\/\/www.best-dentist-dentistry.com\/de\/wp-json\/wp\/v2\/users\/1"}],"replies":[{"embeddable":true,"href":"https:\/\/www.best-dentist-dentistry.com\/de\/wp-json\/wp\/v2\/comments?post=37297"}],"version-history":[{"count":0,"href":"https:\/\/www.best-dentist-dentistry.com\/de\/wp-json\/wp\/v2\/posts\/37297\/revisions"}],"wp:attachment":[{"href":"https:\/\/www.best-dentist-dentistry.com\/de\/wp-json\/wp\/v2\/media?parent=37297"}],"wp:term":[{"taxonomy":"category","embeddable":true,"href":"https:\/\/www.best-dentist-dentistry.com\/de\/wp-json\/wp\/v2\/categories?post=37297"},{"taxonomy":"post_tag","embeddable":true,"href":"https:\/\/www.best-dentist-dentistry.com\/de\/wp-json\/wp\/v2\/tags?post=37297"}],"curies":[{"name":"wp","href":"https:\/\/api.w.org\/{rel}","templated":true}]}}