{"id":37298,"date":"2013-04-27T02:46:48","date_gmt":"2013-04-27T02:46:48","guid":{"rendered":null},"modified":"-0001-11-30T00:00:00","modified_gmt":"-0001-11-30T00:00:00","slug":"passos-coelho-wishes-a-speedy-recovery-to-the-colombian-vice-president","status":"publish","type":"post","link":"https:\/\/www.best-dentist-dentistry.com\/de\/passos-coelho-wishes-a-speedy-recovery-to-the-colombian-vice-president\/37298","title":{"rendered":"Passos Coelho w\u00fcnscht gute Besserung zum kolumbianischen Vizepr\u00e4sidenten"},"content":{"rendered":"<p class=\"first\"> Bogota, 22 jun (EFE).-der Premierminister von Portugal, Pedro Passos Coelho, der offiziellen Besuch in Kolumbien ist, wollte heute schnelle Wiederherstellung kolumbianische Vizepr\u00e4sident Angelino Garzon, Leiden eine zerebrale Isch\u00e4mie (Reduktion der Hirndurchblutung).<\/p>\n<p>Passos &#8220;In dieser sehr schwierigen und heiklen Phase seines Lebens w\u00fcnsche ich Ihnen eine schnelle Genesung&#8221;, sagte auf einer Pressekonferenz, die zusammen mit der kolumbianische Pr\u00e4sident Juan Manuel Santos, in der Casa de Narino, Executive Headquarters angeboten.<\/p>\n<p>Passsos Coelho, die sich am Samstag in Kolumbien, von wo es nach Lissabon Reisen wird seinen Wunsch &#8220;f\u00fcr eine baldige Genesung&#8221; zur Familie der Garzon, seit letzter Woche in der K\u00f6nigin-Sofia-Klinik in Bogot\u00e1 im Krankenhaus erweitern.<\/p>\n<p>Die Einrichtung sagte heute, dass der Gesundheitszustand des kolumbianischen Vizepr\u00e4sidenten &#8220;kein Neuheit&#8221;.<\/p>\n<p>Garzon, der 65 Jahre wird beibehalten, seit Donnerstag, zerebrale ruhend, nach Entscheidung der \u00c4rzteschaft, der Sie behandelt.<\/p>\n<p>Vice President trat am 14. Juni leiden eine Prostatainfektion, aber nach ein paar Tagen in der Klinik Schlaganfall vorgestellt wurden. EFE<\/p>\n","protected":false},"excerpt":{"rendered":"<p>Bogota, 22 jun (EFE).-der Premierminister von Portugal, Pedro Passos Coelho, der offiziellen Besuch in Kolumbien ist, wollte heute schnelle Wiederherstellung kolumbianische Vizepr\u00e4sident Angelino Garzon, Leiden eine zerebrale Isch\u00e4mie (Reduktion der Hirndurchblutung). Passos &#8220;In dieser sehr schwierigen und heiklen Phase seines Lebens w\u00fcnsche ich Ihnen eine schnelle Genesung&#8221;, sagte auf einer Pressekonferenz, die zusammen mit der [&hellip;]<\/p>\n","protected":false},"author":1,"featured_media":0,"comment_status":"close","ping_status":"open","sticky":false,"template":"","format":"standard","meta":{"footnotes":""},"categories":[3],"tags":[46850],"class_list":["post-37298","post","type-post","status-publish","format-standard","hentry","category-allgemeine","tag-wen","et-doesnt-have-format-content","et_post_format-et-post-format-standard"],"_links":{"self":[{"href":"https:\/\/www.best-dentist-dentistry.com\/de\/wp-json\/wp\/v2\/posts\/37298","targetHints":{"allow":["GET"]}}],"collection":[{"href":"https:\/\/www.best-dentist-dentistry.com\/de\/wp-json\/wp\/v2\/posts"}],"about":[{"href":"https:\/\/www.best-dentist-dentistry.com\/de\/wp-json\/wp\/v2\/types\/post"}],"author":[{"embeddable":true,"href":"https:\/\/www.best-dentist-dentistry.com\/de\/wp-json\/wp\/v2\/users\/1"}],"replies":[{"embeddable":true,"href":"https:\/\/www.best-dentist-dentistry.com\/de\/wp-json\/wp\/v2\/comments?post=37298"}],"version-history":[{"count":0,"href":"https:\/\/www.best-dentist-dentistry.com\/de\/wp-json\/wp\/v2\/posts\/37298\/revisions"}],"wp:attachment":[{"href":"https:\/\/www.best-dentist-dentistry.com\/de\/wp-json\/wp\/v2\/media?parent=37298"}],"wp:term":[{"taxonomy":"category","embeddable":true,"href":"https:\/\/www.best-dentist-dentistry.com\/de\/wp-json\/wp\/v2\/categories?post=37298"},{"taxonomy":"post_tag","embeddable":true,"href":"https:\/\/www.best-dentist-dentistry.com\/de\/wp-json\/wp\/v2\/tags?post=37298"}],"curies":[{"name":"wp","href":"https:\/\/api.w.org\/{rel}","templated":true}]}}