{"id":37334,"date":"2013-05-04T02:43:54","date_gmt":"2013-05-04T02:43:54","guid":{"rendered":null},"modified":"-0001-11-30T00:00:00","modified_gmt":"-0001-11-30T00:00:00","slug":"madrid-doctors-begin-a-three-day-strike","status":"publish","type":"post","link":"https:\/\/www.best-dentist-dentistry.com\/de\/madrid-doctors-begin-a-three-day-strike\/37334","title":{"rendered":"Madrid \u00c4rzte beginnen, einen drei Tage Streik"},"content":{"rendered":"<p class=\"first\"> Madrid, 26 jun (EFE).-die erste von den drei Tagen des Streiks, die die Vereinigung von medizinischen AMYTS, die Mehrheit in der Gemeinschaft von Madrid, aufgerufen hat startet am Dienstag in der Region mit zwei dreist\u00fcndigen Abschaltungen, eine am Morgen und Abend eine weitere Ver\u00e4nderung.<\/p>\n<p>The Madrid Gesundheit Service \u00c4rzte sind aufgerufen, um die Paros am 26, 27 und 28 Juni 08:00 bis 11:00 morgens und von 15:00 bis 18:00 Uhr w\u00e4hrend der drei Tage unterst\u00fctzen.<\/p>\n<p>Vor dem Ende jeder Schicht werden zur Verf\u00fcgung gestellt f\u00fcr die Konzentrationen am Dienstag und Mittwoch gegen die Zentren der Arbeit, 10.45-11 Stunden am Morgen und von 1745 bis zu 18 Stunden am Nachmittag.<\/p>\n<p>Als der H\u00f6hepunkt ist eine gro\u00dfe Konzentration der letzte Tag des Streiks, Donnerstag, um 9 morgens auf dem Vorplatz der La Paz Krankenhaus einberufen.<\/p>\n<p>Streik, k\u00fcndigte der letzten Tag 12 durch die allgemeine Sekret\u00e4rin des Amyts, Juli\u00e1n Ezquerra, ist &#8220;dieses kollektive Reaktion auf die Erkl\u00e4rung des Krieges&#8221; der Landesregierung, die einen neuen Schnitt von 3,3 % auf Angestellte des \u00f6ffentlichen Dienstes, genehmigt, die \u00c4rzte ablehnen, weil sie bereits &#8220;einen Lohn-Verlust von 25-30 % in den letzten f\u00fcnf Jahren&#8221; gelitten haben.<\/p>\n<p>The Madrid Gesundheitsministerium und der Union haben die gleichen Mindestleistungen im Generalstreik am 29. M\u00e4rz vereinbart beachtet was \u00fcbersetzt in die gleiche Anzahl von medizinischen, an Sonn- und Feiertagen, w\u00e4hrend 35 % der Besch\u00e4ftigten in Krankenh\u00e4usern f\u00fcr diese drei Tage \u00fcberschritten wird.<\/p>\n<p>In Gesundheit Zentren mit vier oder mehr Haus\u00e4rzte werden garantiert zwei \u00c4rzte der Familie und ein Kinderarzt pro Schicht, w\u00e4hrend bei Kindern gibt es einen Hausarzt und einen Kinderarzt, austauschbarer durch einen anderen Hausarzt.<\/p>\n<p>In l\u00e4ndlichen Pflege (SAR) und Service-support-Teams von h\u00e4uslicher Pflege (ESAD), ein Arzt in jedem.<\/p>\n<p>SUMMA 112, Dringlichkeit, Notfall- und Centro-Coordinador Ger\u00e4te \u00fcbermitteln medizinisches Personal nach seiner eigenen &#8220;Planung&#8221; Arbeit f\u00fcr jeden Tag des Streiks geplant.<\/p>\n<p>Krankenh\u00e4user, wie in der letzten Generalstreik, legen Sie eine minimale Sondereinheiten wie Dialyse, Notfall, Reanimation, Pflege-Kritiker, Operationss\u00e4le, Krankenhaus des Tages der Onkologie, AIDS, Kinderheilkunde, palliative Pflege, Apotheke, diagnostische Bildgebung, Labor, Transplantationen, Strahlentherapie oder h\u00e4modynamischen.<\/p>\n<p>Amyts, mit rund 3.200 Mitgliedern beruft den Streik allein, w\u00e4hrend der zweite Union der \u00c4rzte in der Gemeinschaft von Madrid, SIME, mit etwa 500 angeschlossen und im sitzen-UP, federated unterst\u00fctzt nicht den Anruf.<\/p>\n<p>Die Union stellt sicher, dass seit dem Inkrafttreten am Januar 1 Erweiterung auf 37,5 Stunden pro Woche zwingen, und angesichts der Tatsache, dass &#8220;Beratung keine \u00c4rzte mehr Stunden arbeiten will aber es nur, Descont\u00e1r sie vort\u00e4uscht,&#8221; bereits bewerben sie Rabatte f\u00fcr verschiedene Konzepte, die betrug 3 %, sagte ein Sprecher Amyts EfE.<\/p>\n","protected":false},"excerpt":{"rendered":"<p>Madrid, 26 jun (EFE).-die erste von den drei Tagen des Streiks, die die Vereinigung von medizinischen AMYTS, die Mehrheit in der Gemeinschaft von Madrid, aufgerufen hat startet am Dienstag in der Region mit zwei dreist\u00fcndigen Abschaltungen, eine am Morgen und Abend eine weitere Ver\u00e4nderung. The Madrid Gesundheit Service \u00c4rzte sind aufgerufen, um die Paros am [&hellip;]<\/p>\n","protected":false},"author":1,"featured_media":0,"comment_status":"close","ping_status":"open","sticky":false,"template":"","format":"standard","meta":{"footnotes":""},"categories":[3],"tags":[46856],"class_list":["post-37334","post","type-post","status-publish","format-standard","hentry","category-allgemeine","tag-menschen","et-doesnt-have-format-content","et_post_format-et-post-format-standard"],"_links":{"self":[{"href":"https:\/\/www.best-dentist-dentistry.com\/de\/wp-json\/wp\/v2\/posts\/37334","targetHints":{"allow":["GET"]}}],"collection":[{"href":"https:\/\/www.best-dentist-dentistry.com\/de\/wp-json\/wp\/v2\/posts"}],"about":[{"href":"https:\/\/www.best-dentist-dentistry.com\/de\/wp-json\/wp\/v2\/types\/post"}],"author":[{"embeddable":true,"href":"https:\/\/www.best-dentist-dentistry.com\/de\/wp-json\/wp\/v2\/users\/1"}],"replies":[{"embeddable":true,"href":"https:\/\/www.best-dentist-dentistry.com\/de\/wp-json\/wp\/v2\/comments?post=37334"}],"version-history":[{"count":0,"href":"https:\/\/www.best-dentist-dentistry.com\/de\/wp-json\/wp\/v2\/posts\/37334\/revisions"}],"wp:attachment":[{"href":"https:\/\/www.best-dentist-dentistry.com\/de\/wp-json\/wp\/v2\/media?parent=37334"}],"wp:term":[{"taxonomy":"category","embeddable":true,"href":"https:\/\/www.best-dentist-dentistry.com\/de\/wp-json\/wp\/v2\/categories?post=37334"},{"taxonomy":"post_tag","embeddable":true,"href":"https:\/\/www.best-dentist-dentistry.com\/de\/wp-json\/wp\/v2\/tags?post=37334"}],"curies":[{"name":"wp","href":"https:\/\/api.w.org\/{rel}","templated":true}]}}