{"id":37423,"date":"2013-05-08T02:47:54","date_gmt":"2013-05-08T02:47:54","guid":{"rendered":null},"modified":"-0001-11-30T00:00:00","modified_gmt":"-0001-11-30T00:00:00","slug":"the-colombian-vice-president-with-a-tendency-to-the-neurologic-improvement","status":"publish","type":"post","link":"https:\/\/www.best-dentist-dentistry.com\/de\/the-colombian-vice-president-with-a-tendency-to-the-neurologic-improvement\/37423","title":{"rendered":"Der kolumbianische Vice President &#8220;mit einer Tendenz zur neurologische Verbesserung&#8221;"},"content":{"rendered":"<p class=\"first\"> Bogota, 28 jun (EFE).-der kolumbianische Vizepr\u00e4sident Angelino Garz\u00f3n, Anwaltszulassung in eine Klinik in Bogota letzten Juni 14 durch eine zerebrale Isch\u00e4mie wird heute als &#8220;stabil&#8221; und &#8220;anf\u00e4llig f\u00fcr neurologische Verbesserung und Rehabilitation-Prozess&#8221;, sagte am Donnerstag einen \u00e4rztlichen Bericht.<\/p>\n<p>Klinische K\u00f6nigin-Sofia-Bericht zeigt, dass das hohe Amt Krankenhaus auf der Intensivstation &#8220;bewusst, ohne Unterst\u00fctzung (k\u00fcnstliche Beatmungsger\u00e4t) ventilatory und stabil&#8221; bleibt.<\/p>\n<p>Garzon, der 65 Jahre vorgelegt wurde am 21 &#8220;Gehirn erholend&#8221; induzierte Vermeidung eine m\u00f6gliche Verschlechterung durch die Verletzung, das Mittelhirn, die Vitalfunktionen verpflichtet, betroffenen Gebiet laut \u00c4rzte.<\/p>\n<p>Die leitende Beamten der kolumbianischen getreten die Klinik vor einer Infektion in der Prostata, die vier Tage sp\u00e4ter mit einer Kontur geschlossen.<\/p>\n<p>Zwei Tage nach Annahme der Vice President von Kolumbiens 7. August 2010, Garzon erlitt ein Herzleiden und unterzog sich Chirurgie, die ihn f\u00fcr mehrere Wochen au\u00dfer Gefecht gesetzt und hielt seitdem mit einer speziellen Di\u00e4t gehalten. EFE<\/p>\n","protected":false},"excerpt":{"rendered":"<p>Bogota, 28 jun (EFE).-der kolumbianische Vizepr\u00e4sident Angelino Garz\u00f3n, Anwaltszulassung in eine Klinik in Bogota letzten Juni 14 durch eine zerebrale Isch\u00e4mie wird heute als &#8220;stabil&#8221; und &#8220;anf\u00e4llig f\u00fcr neurologische Verbesserung und Rehabilitation-Prozess&#8221;, sagte am Donnerstag einen \u00e4rztlichen Bericht. Klinische K\u00f6nigin-Sofia-Bericht zeigt, dass das hohe Amt Krankenhaus auf der Intensivstation &#8220;bewusst, ohne Unterst\u00fctzung (k\u00fcnstliche Beatmungsger\u00e4t) ventilatory [&hellip;]<\/p>\n","protected":false},"author":1,"featured_media":0,"comment_status":"close","ping_status":"open","sticky":false,"template":"","format":"standard","meta":{"footnotes":""},"categories":[3],"tags":[46892],"class_list":["post-37423","post","type-post","status-publish","format-standard","hentry","category-allgemeine","tag-eetuo","et-doesnt-have-format-content","et_post_format-et-post-format-standard"],"_links":{"self":[{"href":"https:\/\/www.best-dentist-dentistry.com\/de\/wp-json\/wp\/v2\/posts\/37423","targetHints":{"allow":["GET"]}}],"collection":[{"href":"https:\/\/www.best-dentist-dentistry.com\/de\/wp-json\/wp\/v2\/posts"}],"about":[{"href":"https:\/\/www.best-dentist-dentistry.com\/de\/wp-json\/wp\/v2\/types\/post"}],"author":[{"embeddable":true,"href":"https:\/\/www.best-dentist-dentistry.com\/de\/wp-json\/wp\/v2\/users\/1"}],"replies":[{"embeddable":true,"href":"https:\/\/www.best-dentist-dentistry.com\/de\/wp-json\/wp\/v2\/comments?post=37423"}],"version-history":[{"count":0,"href":"https:\/\/www.best-dentist-dentistry.com\/de\/wp-json\/wp\/v2\/posts\/37423\/revisions"}],"wp:attachment":[{"href":"https:\/\/www.best-dentist-dentistry.com\/de\/wp-json\/wp\/v2\/media?parent=37423"}],"wp:term":[{"taxonomy":"category","embeddable":true,"href":"https:\/\/www.best-dentist-dentistry.com\/de\/wp-json\/wp\/v2\/categories?post=37423"},{"taxonomy":"post_tag","embeddable":true,"href":"https:\/\/www.best-dentist-dentistry.com\/de\/wp-json\/wp\/v2\/tags?post=37423"}],"curies":[{"name":"wp","href":"https:\/\/api.w.org\/{rel}","templated":true}]}}