{"id":37432,"date":"2013-05-08T02:48:50","date_gmt":"2013-05-08T02:48:50","guid":{"rendered":null},"modified":"-0001-11-30T00:00:00","modified_gmt":"-0001-11-30T00:00:00","slug":"the-colombian-vice-president-rehabilitation-and-with-restricted-visits","status":"publish","type":"post","link":"https:\/\/www.best-dentist-dentistry.com\/de\/the-colombian-vice-president-rehabilitation-and-with-restricted-visits\/37432","title":{"rendered":"Die kolumbianischen Vizepr\u00e4sidenten Sanierung und mit eingeschr\u00e4nkten besuchen"},"content":{"rendered":"<p class=\"first\"> Bogota, 30 jun (EFE).-der kolumbianische Vizepr\u00e4sident Angelino Garzon, der seit Freitag die Einheit der Intensivstation (ICU), Links in Ihrem Zimmer &#8220;mit eingeschr\u00e4nkten Besuche und Rehabilitationsprozess&#8221; heute immer noch, der laut dem medizinischen Bericht von diesem Samstag.<\/p>\n<p>Garz\u00f3n, zugelassen seit Juni 14 f\u00fcr eine zerebrale Isch\u00e4mie und wer der 18. eskaliert ist heute &#8220;klinisch stabil&#8221; und &#8220;bewusst&#8221;, hinzugef\u00fcgt den Teil der klinischen Reina Sofia.<\/p>\n<p>Senior, 65, eingereicht am 21 &#8220;Gehirn erholend&#8221; induzierte zur Vermeidung eine m\u00f6gliche Verschlechterung der Gebiet betroffen von der Verletzung, das Mittelhirn, das lebenswichtige Funktionen, dann benannten \u00c4rzte verpflichtet.<\/p>\n<p>Am vergangenen Mittwoch 27. es zur\u00fcckgezogen wurde &#8220;ventilatory Support&#8221;, eine k\u00fcnstliche Beatmungsger\u00e4t.<\/p>\n<p>Eine Prostatainfektion gezwungen Garzon, zu durchdringen und vier Tage sp\u00e4ter Schlaganfall, die schlie\u00dflich die Angst um sein Leben ausgel\u00f6st.<\/p>\n<p>Garzon bereits hatte eingegeben nur zwei Tage nachdem er sein Vizepr\u00e4sident von Kolumbien vom 7. August 2010 als-Leiden ein Herzleiden davon erfuhr Chirurgie, die ihn mehrere Wochen arbeitsunf\u00e4hig abhielt und h\u00e4lt sie seitdem mit einem Spezialfutter Di\u00e4t.<\/p>\n<p>Der Vizepr\u00e4sident von Kolumbien, Angelino Garzon. WireImage \/<\/p>\n","protected":false},"excerpt":{"rendered":"<p>Bogota, 30 jun (EFE).-der kolumbianische Vizepr\u00e4sident Angelino Garzon, der seit Freitag die Einheit der Intensivstation (ICU), Links in Ihrem Zimmer &#8220;mit eingeschr\u00e4nkten Besuche und Rehabilitationsprozess&#8221; heute immer noch, der laut dem medizinischen Bericht von diesem Samstag. Garz\u00f3n, zugelassen seit Juni 14 f\u00fcr eine zerebrale Isch\u00e4mie und wer der 18. eskaliert ist heute &#8220;klinisch stabil&#8221; und [&hellip;]<\/p>\n","protected":false},"author":1,"featured_media":0,"comment_status":"close","ping_status":"open","sticky":false,"template":"","format":"standard","meta":{"footnotes":""},"categories":[3],"tags":[46896],"class_list":["post-37432","post","type-post","status-publish","format-standard","hentry","category-allgemeine","tag-vizeprsidenten-sanierung","et-doesnt-have-format-content","et_post_format-et-post-format-standard"],"_links":{"self":[{"href":"https:\/\/www.best-dentist-dentistry.com\/de\/wp-json\/wp\/v2\/posts\/37432","targetHints":{"allow":["GET"]}}],"collection":[{"href":"https:\/\/www.best-dentist-dentistry.com\/de\/wp-json\/wp\/v2\/posts"}],"about":[{"href":"https:\/\/www.best-dentist-dentistry.com\/de\/wp-json\/wp\/v2\/types\/post"}],"author":[{"embeddable":true,"href":"https:\/\/www.best-dentist-dentistry.com\/de\/wp-json\/wp\/v2\/users\/1"}],"replies":[{"embeddable":true,"href":"https:\/\/www.best-dentist-dentistry.com\/de\/wp-json\/wp\/v2\/comments?post=37432"}],"version-history":[{"count":0,"href":"https:\/\/www.best-dentist-dentistry.com\/de\/wp-json\/wp\/v2\/posts\/37432\/revisions"}],"wp:attachment":[{"href":"https:\/\/www.best-dentist-dentistry.com\/de\/wp-json\/wp\/v2\/media?parent=37432"}],"wp:term":[{"taxonomy":"category","embeddable":true,"href":"https:\/\/www.best-dentist-dentistry.com\/de\/wp-json\/wp\/v2\/categories?post=37432"},{"taxonomy":"post_tag","embeddable":true,"href":"https:\/\/www.best-dentist-dentistry.com\/de\/wp-json\/wp\/v2\/tags?post=37432"}],"curies":[{"name":"wp","href":"https:\/\/api.w.org\/{rel}","templated":true}]}}