{"id":37447,"date":"2013-05-08T02:49:57","date_gmt":"2013-05-08T02:49:57","guid":{"rendered":null},"modified":"-0001-11-30T00:00:00","modified_gmt":"-0001-11-30T00:00:00","slug":"valencia-fires-evolve-in-favorably","status":"publish","type":"post","link":"https:\/\/www.best-dentist-dentistry.com\/de\/valencia-fires-evolve-in-favorably\/37447","title":{"rendered":"Valencia Br\u00e4nde entwickeln sich in g\u00fcnstig"},"content":{"rendered":"<p class=\"first\"> MADRID (Reuters) &#8211; zwei schweren Br\u00e4nden in der Provinz Valencia weiter aktiv Montag, obwohl sie positiv entwickelt werden w\u00fcrde, sagte ein hochrangiger Beamter der Region Valencia.<\/p>\n<p>Seraf\u00edn Castellano, Innenminister, sagte, das Feuer am Cortes de Pall\u00e1s ist &#8220;stabilisierte und flammenlose&#8221; und, die im Bereich der Andilla bleibt eine &#8220;positive Entwicklung&#8221; durch die \u00c4nderung von den Wetterverh\u00e4ltnissen.<\/p>\n<p>Siebenundvierzig Air Ausstattung und Land 2.000 beteiligen sich an der Arbeit der beiden schlimmsten Feuer in den letzten Jahren &#8211; nach Sch\u00e4tzungen k\u00f6nnte etwa 50.000 Hektar &#8211; verbrannt und in beiden F\u00e4llen gestartet haben durch Nachl\u00e4ssigkeit, laut Voruntersuchungen.<\/p>\n<p>Haben zwei Personen mit Bezug zu den Ursachen der Br\u00e4nde, die gezwungen worden sein, etwa 3.000 Nachbarn zu evakuieren und schneiden Sie mehrere regionale Stra\u00dfen verhaftet.<\/p>\n<p>Das erste Feuer begann Donnerstag Nachmittag in der Gemeinde Cortes de Pall\u00e1s und betroffene 12 Gemeinden, w\u00e4hrend im Andilla mit anderen 10 betroffenen Gemeinden brach, aus wenig mehr als 24 Stunden sp\u00e4ter und es ist die Provinz Castell\u00f3n vorgedrungen.<\/p>\n<p>Br\u00e4nde aufgetreten mitten in einer Hitzewelle mit H\u00f6hen in der N\u00e4he von 40 Grad f\u00fchrte die Beh\u00f6rden, die Gefahr von Waldbr\u00e4nden in der Gemeinschaft am Freitag auf das Maximum zu erh\u00f6hen.<\/p>\n<p>The Minister of Defense und Landwirtschaft und Umwelt, Pedro Moren\u00e9s und Miguel Arias Ca\u00f1ete, besuchte jeweils Montag, die betroffenen Gebiete zusammen mit dem Valencia Pr\u00e4sidenten Alberto Fabra, um die Situation zu beurteilen.<\/p>\n<p>Ein Dritter Brand wurde am Sonntag in der N\u00e4he von Hell\u00edn, Albacete, die in die Gemeinschaft Murcia erweitert wurde erkl\u00e4rt, also level 2 Brandbek\u00e4mpfung, bei der das Eingreifen der staatlichen Medien, als Notfall Milit\u00e4reinheit (EMU) aktiviert ist.<\/p>\n<p>Zwischen Januar und Mai 2012, gab es auch in Spanien 10 Gro\u00dfbr\u00e4nde &#8211; Wenn sie mehr als 500 Hektar verbrannt. Insgesamt wurden verbrannt 49,738 Hektar, die schlechtesten Zahl seit 2002 8.252 nahe verfehlt und Br\u00e4nde, nach Angaben des Ministeriums f\u00fcr Umwelt,.<\/p>\n<p>Der Umweltgruppe Greenpeace diese Woche berichtet, dass die aktuelle Hitzewelle und Klimaver\u00e4nderungen in den letzten zehn Jahren beigetragen haben, um der Brandgefahr in der Levante-Region zu erh\u00f6hen.<\/p>\n<p>Greenpeace zitiert auch die l\u00e4ndlichen Verlassenheit und mangelnde Bewirtschaftung der W\u00e4lder, zu den Gr\u00fcnden, die das Risiko von Feuer, zu erh\u00f6hen, ohne verwerfen die st\u00e4rkere Pr\u00e4senz des Menschen in der Natur und andere Ursachen wie Blitzschlag, Fahrl\u00e4ssigkeit, Unf\u00e4lle oder die Wirkung von Pyromanen.<\/p>\n","protected":false},"excerpt":{"rendered":"<p>MADRID (Reuters) &#8211; zwei schweren Br\u00e4nden in der Provinz Valencia weiter aktiv Montag, obwohl sie positiv entwickelt werden w\u00fcrde, sagte ein hochrangiger Beamter der Region Valencia. Seraf\u00edn Castellano, Innenminister, sagte, das Feuer am Cortes de Pall\u00e1s ist &#8220;stabilisierte und flammenlose&#8221; und, die im Bereich der Andilla bleibt eine &#8220;positive Entwicklung&#8221; durch die \u00c4nderung von den [&hellip;]<\/p>\n","protected":false},"author":1,"featured_media":0,"comment_status":"close","ping_status":"open","sticky":false,"template":"","format":"standard","meta":{"footnotes":""},"categories":[3],"tags":[46901],"class_list":["post-37447","post","type-post","status-publish","format-standard","hentry","category-allgemeine","tag-tiergenetik","et-doesnt-have-format-content","et_post_format-et-post-format-standard"],"_links":{"self":[{"href":"https:\/\/www.best-dentist-dentistry.com\/de\/wp-json\/wp\/v2\/posts\/37447","targetHints":{"allow":["GET"]}}],"collection":[{"href":"https:\/\/www.best-dentist-dentistry.com\/de\/wp-json\/wp\/v2\/posts"}],"about":[{"href":"https:\/\/www.best-dentist-dentistry.com\/de\/wp-json\/wp\/v2\/types\/post"}],"author":[{"embeddable":true,"href":"https:\/\/www.best-dentist-dentistry.com\/de\/wp-json\/wp\/v2\/users\/1"}],"replies":[{"embeddable":true,"href":"https:\/\/www.best-dentist-dentistry.com\/de\/wp-json\/wp\/v2\/comments?post=37447"}],"version-history":[{"count":0,"href":"https:\/\/www.best-dentist-dentistry.com\/de\/wp-json\/wp\/v2\/posts\/37447\/revisions"}],"wp:attachment":[{"href":"https:\/\/www.best-dentist-dentistry.com\/de\/wp-json\/wp\/v2\/media?parent=37447"}],"wp:term":[{"taxonomy":"category","embeddable":true,"href":"https:\/\/www.best-dentist-dentistry.com\/de\/wp-json\/wp\/v2\/categories?post=37447"},{"taxonomy":"post_tag","embeddable":true,"href":"https:\/\/www.best-dentist-dentistry.com\/de\/wp-json\/wp\/v2\/tags?post=37447"}],"curies":[{"name":"wp","href":"https:\/\/api.w.org\/{rel}","templated":true}]}}