{"id":37468,"date":"2013-05-11T02:49:17","date_gmt":"2013-05-11T02:49:17","guid":{"rendered":null},"modified":"-0001-11-30T00:00:00","modified_gmt":"-0001-11-30T00:00:00","slug":"the-colombian-vice-president-evolves-successfully-say-doctors","status":"publish","type":"post","link":"https:\/\/www.best-dentist-dentistry.com\/de\/the-colombian-vice-president-evolves-successfully-say-doctors\/37468","title":{"rendered":"\u00c4rzte sagen dem kolumbianischen Vizepr\u00e4sidenten erfolgreich, entwickelt sich"},"content":{"rendered":"<p class=\"first\"> Bogota, 3 jul (EFE).-der kolumbianische Vizepr\u00e4sident Angelino Garzon, &#8220;zufriedenstellend entwickelt&#8221;, heute berichtete klinische K\u00f6nigin Sofia, wo der Politiker Juni 14 aufgenommen wurde.<\/p>\n<p>&#8220;Der Vizepr\u00e4sident zufriedenstellend entwickelt sich, weiterhin mit eingeschr\u00e4nkten Besuche und umfassende Reha-Programm,&#8221; sagt den medizinischen Teil des Dienstag unterzeichnet durch den wissenschaftlichen Direktor der Einrichtung, Andr\u00e9s Caballero Arteaga.<\/p>\n<p>Garzon, 65 Jahre, die Einheit der Intensivstation (ICU) Freitag entsprang und erh\u00e4lt Besuche eingeschr\u00e4nkt vom letzten Samstag.<\/p>\n<p>Der ehemaligen Gewerkschaftsf\u00fchrer ist ab Juni durch eine zerebrale Isch\u00e4mie, so war es, am 21.Juni schlie\u00dflich ein &#8220;brain-Rest&#8221; um eine m\u00f6gliche Verschlechterung der Bereich von der Verletzung, das Mittelhirn, die Vitalfunktionen verpflichtet, betroffenen zu vermeiden induziert dann anzumerken \u00c4rzte werden muss ins Krankenhaus eingeliefert.<\/p>\n<p>Garz\u00f3n, die die Vize-Pr\u00e4sidentschaft am 7. August 2010, am selben Tag \u00fcbernommen, die Juan Manuel Santos als kolumbianischen Pr\u00e4sidenten im Vier-Jahres-Zeitraum bis 2014 investiert wurden.<\/p>\n<p>-Image-Datei der Vizepr\u00e4sident von Kolumbien, Angelino Garzon. WireImage \/<\/p>\n","protected":false},"excerpt":{"rendered":"<p>Bogota, 3 jul (EFE).-der kolumbianische Vizepr\u00e4sident Angelino Garzon, &#8220;zufriedenstellend entwickelt&#8221;, heute berichtete klinische K\u00f6nigin Sofia, wo der Politiker Juni 14 aufgenommen wurde. &#8220;Der Vizepr\u00e4sident zufriedenstellend entwickelt sich, weiterhin mit eingeschr\u00e4nkten Besuche und umfassende Reha-Programm,&#8221; sagt den medizinischen Teil des Dienstag unterzeichnet durch den wissenschaftlichen Direktor der Einrichtung, Andr\u00e9s Caballero Arteaga. Garzon, 65 Jahre, die Einheit [&hellip;]<\/p>\n","protected":false},"author":1,"featured_media":0,"comment_status":"close","ping_status":"open","sticky":false,"template":"","format":"standard","meta":{"footnotes":""},"categories":[3],"tags":[46913],"class_list":["post-37468","post","type-post","status-publish","format-standard","hentry","category-allgemeine","tag-nexus","et-doesnt-have-format-content","et_post_format-et-post-format-standard"],"_links":{"self":[{"href":"https:\/\/www.best-dentist-dentistry.com\/de\/wp-json\/wp\/v2\/posts\/37468","targetHints":{"allow":["GET"]}}],"collection":[{"href":"https:\/\/www.best-dentist-dentistry.com\/de\/wp-json\/wp\/v2\/posts"}],"about":[{"href":"https:\/\/www.best-dentist-dentistry.com\/de\/wp-json\/wp\/v2\/types\/post"}],"author":[{"embeddable":true,"href":"https:\/\/www.best-dentist-dentistry.com\/de\/wp-json\/wp\/v2\/users\/1"}],"replies":[{"embeddable":true,"href":"https:\/\/www.best-dentist-dentistry.com\/de\/wp-json\/wp\/v2\/comments?post=37468"}],"version-history":[{"count":0,"href":"https:\/\/www.best-dentist-dentistry.com\/de\/wp-json\/wp\/v2\/posts\/37468\/revisions"}],"wp:attachment":[{"href":"https:\/\/www.best-dentist-dentistry.com\/de\/wp-json\/wp\/v2\/media?parent=37468"}],"wp:term":[{"taxonomy":"category","embeddable":true,"href":"https:\/\/www.best-dentist-dentistry.com\/de\/wp-json\/wp\/v2\/categories?post=37468"},{"taxonomy":"post_tag","embeddable":true,"href":"https:\/\/www.best-dentist-dentistry.com\/de\/wp-json\/wp\/v2\/tags?post=37468"}],"curies":[{"name":"wp","href":"https:\/\/api.w.org\/{rel}","templated":true}]}}