{"id":37494,"date":"2013-05-18T02:48:53","date_gmt":"2013-05-18T02:48:53","guid":{"rendered":null},"modified":"-0001-11-30T00:00:00","modified_gmt":"-0001-11-30T00:00:00","slug":"valencian-pharmacies-decide-this-friday-in-assembly-if-they-maintain-or-not-the-indefinite-strike","status":"publish","type":"post","link":"https:\/\/www.best-dentist-dentistry.com\/de\/valencian-pharmacies-decide-this-friday-in-assembly-if-they-maintain-or-not-the-indefinite-strike\/37494","title":{"rendered":"Valencia Apotheken entscheiden, diesen Freitag in Assembly, wenn sie beibehalten oder nicht den unbefristeten Streik"},"content":{"rendered":"<p class=\"first\"> VALENCIA, 6 (EUROPA PRESS)<\/p>\n<p>Valencia Apotheken gehalten werden am Freitag, um 2030 Uhr eine au\u00dferordentliche treffen, um den Vorschlag zu diskutieren, die gestern die Gesundheitsministerin, Ana Mato, zog einbinden in eine Plan-Zahlungen an Lieferanten. So in der Assembly wird entscheiden, ob bleibt die unbestimmte Schlie\u00dfung hatte von kommenden Montag aufgerufen oder verschoben, berichtete Quellen f\u00fcr die Berufsgruppe.<\/p>\n<p>Bei dem Treffen der Minister f\u00fcr Gesundheit, Ana Mato, vorgeschlagen, der Pr\u00e4sident des Kollegiums der Apotheker von Valencia, Mar\u00eda Teresa Guardiola, Valencia geh\u00f6ren Apotheker in der Region auf einen Zahlungsplan an Lieferanten, so dass sie k\u00f6nnte sehen, regelte ihre Situation und damit die Schulden von Rechnungen aus dem Monat Februar in H\u00f6he von 480 Millionen Euro zu begleichen. Seinerseits gefordert Guardiola schriftlich den Vorschlag des Ministers. <\/p>\n<p>Diese Entscheidung erfolgt, nachdem die Boards der Regierung der Colleges der Apotheker von Valencia am Donnerstag dieser Woche gesammelt haben. Die Schlussfolgerung war, dass es stimmen w\u00fcrde morgen in einer au\u00dferordentlichen Sitzung beibehalten oder den unbefristeten Streik einzustellen. <\/p>\n<p>In der letzten Versammlung statt, am Dienstag, den Apothekern zugelassen zur Durchf\u00fchrung eines Streiks auf unbestimmte Zeit ab n\u00e4chsten Montag, bis sie die 240 Millionen Euro f\u00fcr Februar erhalten und March.<\/p>\n","protected":false},"excerpt":{"rendered":"<p>VALENCIA, 6 (EUROPA PRESS) Valencia Apotheken gehalten werden am Freitag, um 2030 Uhr eine au\u00dferordentliche treffen, um den Vorschlag zu diskutieren, die gestern die Gesundheitsministerin, Ana Mato, zog einbinden in eine Plan-Zahlungen an Lieferanten. So in der Assembly wird entscheiden, ob bleibt die unbestimmte Schlie\u00dfung hatte von kommenden Montag aufgerufen oder verschoben, berichtete Quellen f\u00fcr [&hellip;]<\/p>\n","protected":false},"author":1,"featured_media":0,"comment_status":"close","ping_status":"open","sticky":false,"template":"","format":"standard","meta":{"footnotes":""},"categories":[3],"tags":[46919],"class_list":["post-37494","post","type-post","status-publish","format-standard","hentry","category-allgemeine","tag-bezichtigt","et-doesnt-have-format-content","et_post_format-et-post-format-standard"],"_links":{"self":[{"href":"https:\/\/www.best-dentist-dentistry.com\/de\/wp-json\/wp\/v2\/posts\/37494","targetHints":{"allow":["GET"]}}],"collection":[{"href":"https:\/\/www.best-dentist-dentistry.com\/de\/wp-json\/wp\/v2\/posts"}],"about":[{"href":"https:\/\/www.best-dentist-dentistry.com\/de\/wp-json\/wp\/v2\/types\/post"}],"author":[{"embeddable":true,"href":"https:\/\/www.best-dentist-dentistry.com\/de\/wp-json\/wp\/v2\/users\/1"}],"replies":[{"embeddable":true,"href":"https:\/\/www.best-dentist-dentistry.com\/de\/wp-json\/wp\/v2\/comments?post=37494"}],"version-history":[{"count":0,"href":"https:\/\/www.best-dentist-dentistry.com\/de\/wp-json\/wp\/v2\/posts\/37494\/revisions"}],"wp:attachment":[{"href":"https:\/\/www.best-dentist-dentistry.com\/de\/wp-json\/wp\/v2\/media?parent=37494"}],"wp:term":[{"taxonomy":"category","embeddable":true,"href":"https:\/\/www.best-dentist-dentistry.com\/de\/wp-json\/wp\/v2\/categories?post=37494"},{"taxonomy":"post_tag","embeddable":true,"href":"https:\/\/www.best-dentist-dentistry.com\/de\/wp-json\/wp\/v2\/tags?post=37494"}],"curies":[{"name":"wp","href":"https:\/\/api.w.org\/{rel}","templated":true}]}}