{"id":37577,"date":"2013-06-19T02:47:32","date_gmt":"2013-06-19T02:47:32","guid":{"rendered":null},"modified":"-0001-11-30T00:00:00","modified_gmt":"-0001-11-30T00:00:00","slug":"private-health-plans-layoffs-and-closing-of-hospitals-after-the-increase-of-the-vat","status":"publish","type":"post","link":"https:\/\/www.best-dentist-dentistry.com\/de\/private-health-plans-layoffs-and-closing-of-hospitals-after-the-increase-of-the-vat\/37577","title":{"rendered":"Private Gesundheit plant Entlassungen und Schlie\u00dfung von Krankenh\u00e4usern nach der Erh\u00f6hung der Mehrwertsteuer"},"content":{"rendered":"<p class=\"first\"> MADRID, 11 (EUROPA PRESS)<\/p>\n<p>Institut f\u00fcr die Entwicklung und Integration der Gesundheit (IDIS) sorgt daf\u00fcr, dass der Anstieg der Mehrwertsteuer, die von der Regierung angek\u00fcndigten zu einer Verringerung der R\u00e4nder des Profits und einem R\u00fcckgang der Ertr\u00e4ge f\u00fcr das private Gesundheitswesen f\u00fchrt, was daraus ein &#8220;Downsizing&#8221; am Ende einige Krankenh\u00e4user.<\/p>\n<p>Somit diese Entit\u00e4t, die vereint die wichtigsten hat gew\u00e4hrleistet es Versicherungen und Gruppen von Privatkliniken private Gesundheitsversorgung, die voraussagt, dass die Anwendung der Ma\u00dfnahme im privaten Gesundheitswesen eine &#8220;Katastrophe&#8221; f\u00fcr die private Gesundheit in Spanien \u00fcbernehmen kann.<\/p>\n<p>Erkl\u00e4rt, die Unternehmen in diesem Sektor k\u00f6nnen nicht abziehen, MwSt, aber jedoch unterst\u00fctzen sie es als ein Aufwand, da diese Steuer nicht in Krankenhausaufenthalt und Health Care Services \u00fcbergeben wird. Dies bedeutet, dass sich der Aufstieg vollst\u00e4ndig unterst\u00fctzt werden sollte, von den Zentren und nicht durch den Endkunden wie in anderen Sektoren, die einen R\u00fcckgang der Gewinnspannen bedeuten wird.<\/p>\n<p>Dar\u00fcber hinaus ausgef\u00fchrt werden, es ist eine neue Einstellung, dass &#8220;unertr\u00e4glichen Druck&#8221; auf diesem Sektor, in dem Umfang, sch\u00e4tzen einen gesch\u00e4tzten Verlust von 0,5 Prozent des Gesamtumsatzes.<\/p>\n<p>&#8220;Diese Verkn\u00fcpfungen die prek\u00e4re Situation leidenden viele Zentren, die wurden reduziert deutlich die Konzerte mit der \u00f6ffentlichen Verwaltung, so dass es leicht zu dem Schluss, dass es die Lebensf\u00e4higkeit des Netzwerks Privatkrankenhaus mit das Ungleichgewicht gef\u00e4hrden kann, die dies f\u00fcr das \u00f6ffentliche Gesundheitswesen nach sich ziehen w\u00fcrde&#8221;, es hat aufmerksam gemacht, die IDIS.<\/p>\n<p>, Und wie er diese Entit\u00e4t zur\u00fcckgerufen, private Gesundheit ein &#8220;Eckpfeiler&#8221; f\u00fcr die \u00d6ffentlichkeit in Spanien Gesundheitssystem, da die 6,9 Millionen Versicherungsnehmern mit privaten Richtlinien weniger verwendet oder gar keine der Public Health, eine Situation, die als &#8220;versteckte Subvention an die staatlichen Systeme&#8221; verstanden wird.<\/p>\n<p>Warum die Umsetzung der Ma\u00dfnahmen gefordert hat, die gegen die Auswirkungen durch die Erh\u00f6hung der Kosten, die f\u00fcr die Anwendung dieser Anpassung f\u00fchren wird, angesichts der Folgen, die produziert werden f\u00fcr das Gesundheitssystem.<\/p>\n","protected":false},"excerpt":{"rendered":"<p>MADRID, 11 (EUROPA PRESS) Institut f\u00fcr die Entwicklung und Integration der Gesundheit (IDIS) sorgt daf\u00fcr, dass der Anstieg der Mehrwertsteuer, die von der Regierung angek\u00fcndigten zu einer Verringerung der R\u00e4nder des Profits und einem R\u00fcckgang der Ertr\u00e4ge f\u00fcr das private Gesundheitswesen f\u00fchrt, was daraus ein &#8220;Downsizing&#8221; am Ende einige Krankenh\u00e4user. Somit diese Entit\u00e4t, die vereint [&hellip;]<\/p>\n","protected":false},"author":1,"featured_media":0,"comment_status":"close","ping_status":"open","sticky":false,"template":"","format":"standard","meta":{"footnotes":""},"categories":[3],"tags":[46952],"class_list":["post-37577","post","type-post","status-publish","format-standard","hentry","category-allgemeine","tag-komposit","et-doesnt-have-format-content","et_post_format-et-post-format-standard"],"_links":{"self":[{"href":"https:\/\/www.best-dentist-dentistry.com\/de\/wp-json\/wp\/v2\/posts\/37577","targetHints":{"allow":["GET"]}}],"collection":[{"href":"https:\/\/www.best-dentist-dentistry.com\/de\/wp-json\/wp\/v2\/posts"}],"about":[{"href":"https:\/\/www.best-dentist-dentistry.com\/de\/wp-json\/wp\/v2\/types\/post"}],"author":[{"embeddable":true,"href":"https:\/\/www.best-dentist-dentistry.com\/de\/wp-json\/wp\/v2\/users\/1"}],"replies":[{"embeddable":true,"href":"https:\/\/www.best-dentist-dentistry.com\/de\/wp-json\/wp\/v2\/comments?post=37577"}],"version-history":[{"count":0,"href":"https:\/\/www.best-dentist-dentistry.com\/de\/wp-json\/wp\/v2\/posts\/37577\/revisions"}],"wp:attachment":[{"href":"https:\/\/www.best-dentist-dentistry.com\/de\/wp-json\/wp\/v2\/media?parent=37577"}],"wp:term":[{"taxonomy":"category","embeddable":true,"href":"https:\/\/www.best-dentist-dentistry.com\/de\/wp-json\/wp\/v2\/categories?post=37577"},{"taxonomy":"post_tag","embeddable":true,"href":"https:\/\/www.best-dentist-dentistry.com\/de\/wp-json\/wp\/v2\/tags?post=37577"}],"curies":[{"name":"wp","href":"https:\/\/api.w.org\/{rel}","templated":true}]}}