{"id":37578,"date":"2013-06-19T02:47:36","date_gmt":"2013-06-19T02:47:36","guid":{"rendered":null},"modified":"-0001-11-30T00:00:00","modified_gmt":"-0001-11-30T00:00:00","slug":"the-doctors-will-return-to-the-wages-of-10-years-after-the-last-wage-cuts","status":"publish","type":"post","link":"https:\/\/www.best-dentist-dentistry.com\/de\/the-doctors-will-return-to-the-wages-of-10-years-after-the-last-wage-cuts\/37578","title":{"rendered":"Die \u00c4rzte zur\u00fcck an die L\u00f6hne von zehn Jahren nach der letzte Lohn schneidet"},"content":{"rendered":"<p class=\"first\"> MADRID, 11 (EUROPA PRESS)<\/p>\n<p>Die Entscheidung des Premierministers, Mariano Rajoy, unterdr\u00fccken die L\u00f6hne der Besch\u00e4ftigten im \u00f6ffentlichen Dienst Weihnachten tritt zur\u00fcck Lohnk\u00fcrzungen, die der eigenen zentrale Exekutive und die Gemeinden wurden mit der Krise, was \u00c4rzte f\u00fchrt dabei und anderen Angeh\u00f6rigen der Gesundheitsberufe des nationalen Gesundheitssystems (SNS) lernen Sie die Geh\u00e4lter, die sie im Jahr 2002 hatten.<\/p>\n<p>Und der Generalsekret\u00e4r des Bundes der Gesundheit und sozialen Bereichen der CC hat es gesichert.OO, Antonio Cabrera, wer dies bedauert &#8220;Es wird nicht die letzte sein&#8221; zu messen und in der Tat hat schon \u00fcberzeugt, dass der n\u00e4chste Schritt sein wird, um ihre Arbeitszeit auf 40 Stunden pro Woche zu erh\u00f6hen.<\/p>\n<p>&#8220;Dies bedeutet einen signifikanten R\u00fcckgang f\u00fcr das Gesundheitssystem da Wenn ja, haben wir berechnet, dass es zum Verlust von rund 20.000 Arbeitspl\u00e4tze f\u00fchren k\u00f6nnte, wenn der Betrag der Wachen oder Verschiebungen, die abdecken w\u00fcrde, ber\u00fccksichtigt werden&#8221;, erkl\u00e4rt gesagt Europa Press.<\/p>\n<p>Dar\u00fcber hinaus an die neuen schneidet der Leiter des CC.OO. Er r\u00e4umte ein, dass &#8220;oder sind im Zusammenhang mit einem R\u00fcckgang der Leistungen oder es wird unm\u00f6glich sein, die gleichen Vorteile bieten&#8221; Was f\u00fchrt zu einer Verschlechterung der Volksgesundheit und eine gr\u00f6ssere Arbeitsbelastung f\u00fcr die Mitarbeiter, die bleiben.<\/p>\n<p>&#8220;Schie\u00dfen den Wartelisten, da die Arbeitslast unm\u00f6glich ist anzunehmen&#8221;, nach dieser Experte zitiert als Beispiel, dass einige regionale Krankenh\u00e4user-Profis &#8220;mehr in der Mitte als bei Ihnen zu Hause sind&#8221;.<\/p>\n<p>Cabrera in \u00e4hnlicher Weise daran erinnert, dass dies &#8220;nicht nur beeinflussen w\u00fcrde eigenen Profis sondern auch Patienten, die eine Verschlechterung ihrer Gesundheitsversorgung leiden w\u00fcrde&#8221;.<\/p>\n<p>Das ist, warum die Vertreter der CC.OO. Fortschritt n\u00e4chste Woche treffen sich mit dem Rest der Branche Gewerkschaften (UGT, CSI-F, Satse, u.a.) um den Kalender f\u00fcr Oktober erwarteten Anspr\u00fcche zu \u00fcberdenken &#8211; wann pr\u00e4sentieren die neue Haushalte General des Staates &#8211; und voraus &#8220;kraftvolle Aktion&#8221;.<\/p>\n<p>Dar\u00fcber hinaus Cabrera nicht ausschlie\u00dfen, eine gemeinsame Mobilisierung mit dem Rest der Staatsdienst Gewerkschaften, da &#8220;sie sind turning Spanien in ein \u00e4rmeres Land, die bereichern der reichen und die Armen \u00e4rmer&#8221;.<\/p>\n","protected":false},"excerpt":{"rendered":"<p>MADRID, 11 (EUROPA PRESS) Die Entscheidung des Premierministers, Mariano Rajoy, unterdr\u00fccken die L\u00f6hne der Besch\u00e4ftigten im \u00f6ffentlichen Dienst Weihnachten tritt zur\u00fcck Lohnk\u00fcrzungen, die der eigenen zentrale Exekutive und die Gemeinden wurden mit der Krise, was \u00c4rzte f\u00fchrt dabei und anderen Angeh\u00f6rigen der Gesundheitsberufe des nationalen Gesundheitssystems (SNS) lernen Sie die Geh\u00e4lter, die sie im Jahr [&hellip;]<\/p>\n","protected":false},"author":1,"featured_media":0,"comment_status":"close","ping_status":"open","sticky":false,"template":"","format":"standard","meta":{"footnotes":""},"categories":[3],"tags":[46952],"class_list":["post-37578","post","type-post","status-publish","format-standard","hentry","category-allgemeine","tag-komposit","et-doesnt-have-format-content","et_post_format-et-post-format-standard"],"_links":{"self":[{"href":"https:\/\/www.best-dentist-dentistry.com\/de\/wp-json\/wp\/v2\/posts\/37578","targetHints":{"allow":["GET"]}}],"collection":[{"href":"https:\/\/www.best-dentist-dentistry.com\/de\/wp-json\/wp\/v2\/posts"}],"about":[{"href":"https:\/\/www.best-dentist-dentistry.com\/de\/wp-json\/wp\/v2\/types\/post"}],"author":[{"embeddable":true,"href":"https:\/\/www.best-dentist-dentistry.com\/de\/wp-json\/wp\/v2\/users\/1"}],"replies":[{"embeddable":true,"href":"https:\/\/www.best-dentist-dentistry.com\/de\/wp-json\/wp\/v2\/comments?post=37578"}],"version-history":[{"count":0,"href":"https:\/\/www.best-dentist-dentistry.com\/de\/wp-json\/wp\/v2\/posts\/37578\/revisions"}],"wp:attachment":[{"href":"https:\/\/www.best-dentist-dentistry.com\/de\/wp-json\/wp\/v2\/media?parent=37578"}],"wp:term":[{"taxonomy":"category","embeddable":true,"href":"https:\/\/www.best-dentist-dentistry.com\/de\/wp-json\/wp\/v2\/categories?post=37578"},{"taxonomy":"post_tag","embeddable":true,"href":"https:\/\/www.best-dentist-dentistry.com\/de\/wp-json\/wp\/v2\/tags?post=37578"}],"curies":[{"name":"wp","href":"https:\/\/api.w.org\/{rel}","templated":true}]}}