{"id":37579,"date":"2013-06-19T02:47:41","date_gmt":"2013-06-19T02:47:41","guid":{"rendered":null},"modified":"-0001-11-30T00:00:00","modified_gmt":"-0001-11-30T00:00:00","slug":"feafes-calls-for-more-financial-resources-and-efforts-to-achieve-full-employment-and-social-integration-of-the-mentally-ill","status":"publish","type":"post","link":"https:\/\/www.best-dentist-dentistry.com\/de\/feafes-calls-for-more-financial-resources-and-efforts-to-achieve-full-employment-and-social-integration-of-the-mentally-ill\/37579","title":{"rendered":"FEAFES fordert mehr finanzielle Mittel und Anstrengungen zur Erreichung der Vollbesch\u00e4ftigung und soziale Integration psychisch kranker"},"content":{"rendered":"<p class=\"first\"> MADRID, 11 (EUROPA PRESS)<\/p>\n<p>Die Spanische Konf\u00f6deration Gruppierungen von Familien- und geistigen Menschen (FEAFES) hat mehr finanzielle Mittel und Anstrengungen zur Erreichung der Vollbesch\u00e4ftigung und soziale Integration psychisch kranker angefordert. Und wie Sie von ihrem Pr\u00e4sidenten Jos\u00e9 Mar\u00eda S\u00e1nchez Monge, ist es &#8220;unm\u00f6glich&#8221;, die soziale und menschliche Auswirkungen, die aufgrund einer psychischen St\u00f6rung wie Schizophrenie zu quantifizieren.<\/p>\n<p>&#8220;Ausgaben f\u00fcr Gesundheit abgeleitet aus der Behandlung dieser Krankheit ist deutlicher, aber sicherlich nichts Vergleichbares, das Gef\u00fchl der Isolation, Inhaftierung oder sozialen Stigmatisierung dieser Opfer sowohl die Patienten als auch die Familie&#8221;, \u00fcberpr\u00fcft w\u00e4hrend seinem Vortrag auf die erste &#8220;neue Ans\u00e4tze&#8221; Internationales Forum in der Behandlung von Schizophrenie, organisiert vom Zentrum f\u00fcr biomedizinische Forschungsnetzwerk f\u00fcr psychische Gesundheit (CIBERSAM)in Zusammenarbeit mit der spanischen Gesellschaft f\u00fcr Psychiatrie (SEP) und der spanischen Gesellschaft f\u00fcr biologische Psychiatrie (SEPB) und die Unterst\u00fctzung der Roche Pharma.<\/p>\n<p>In diesem Sinne hat der Experte seine Besorgnis bewiesen, indem &#8220;kleine Aufmerksamkeit&#8221;, die gegeben hat Sie zu einer Verschlechterung der sozialen F\u00e4higkeiten von Menschen mit psychischen Erkrankungen und ihre F\u00e4higkeit, in ihrem famili\u00e4ren Umfeld als eine soziale, etwas zu integrieren, die, aus seiner Sicht eine Notwendigkeit &#8220;erster Ordnung&#8221;, ist angesichts der Tatsache, dass ohne diese &#8220;harten&#8221; der Patient &#8220;sich zu seinem engsten Freundeskreis \u00f6ffnet und ihr Leben, Sozial und beruflich neu&#8221;.<\/p>\n<p>T\u00e4glichen Aktivit\u00e4ten wie Arbeit, Abschluss an der Universit\u00e4t oder einen Abend mit Freunden zu teilen &#8220;schwieriger&#8221; f\u00fcr diese Menschen da im Allgemeinen, sie \u00c4nderungen stellen zugeordnet sind Verhalten und Emotionen, wie z. B. Apathie, Desinteresse, Insociabilidad oder Mangel an Aufmerksamkeit und Konzentration, so dass es schwierig ist, ein normales Leben zu f\u00fchren.<\/p>\n<p>Dar\u00fcber hinaus diese Demonstrationen, auch bekannt als negative Symptome blieben bis jetzt im Hintergrund, da Behandlungen konzentriert haben, auf die Behandlung von Wahnvorstellungen und -positive Pathologie Symptome &#8211; Halluzinationen, trotz der Tatsache, die sein Leiden ebenso deaktivieren ist.<\/p>\n<p>Kommentierte Sanchez Moge, die gegenw\u00e4rtige Herausforderung bei der Behandlung dieser Menschen richtet sich daher weltweit Schizophrenie, positive Symptome, negative und kognitive Defizite zu behandeln. &#8220;Es ist ein gro\u00dfer Schritt in Richtung der Erholung und Wiedereingliederung des Patienten in der Gesellschaft&#8221;, erkl\u00e4rte er. <\/p>\n<p>In diesem Sinne hat, gesch\u00e4tzt &#8220;positiv&#8221; Psychotherapie und die Einheiten der Gemeinschaft mental Health Care, und wies darauf hin, dass bei diesen Patienten grundlegende soziale F\u00e4higkeiten lernen, die &#8220;sehr n\u00fctzlich&#8221; Leben zu konfrontieren und autonom sein. &#8220;In diesen Zentren Einhaltung Behandlung, arbeiten hart, um einen hohen Prozentsatz an Aussetzer zu vermeiden und daher reduziert das Risiko eines R\u00fcckfalls und Krankenhaus-Einweisungen,&#8221; betonte er. <\/p>\n<p>Mehrere Studien haben gezeigt, dass Psychotherapie die Verwendung von Medikamenten bei Patienten mit einem hohen Index von medizinischer Beratung bis zu 47 Prozent reduzieren kann. Auf diese Weise FEAFES-Pr\u00e4sident betonte, dass &#8220;Erstbehandlung&#8221; ist, dass die betroffenen eine gewisse Autonomie, die erreicht &#8220;fundamentale&#8221; ist Therapie k\u00fcmmern sich um alles, was mit Beziehungen und sozialen F\u00e4higkeiten des einzelnen zu tun hat. <\/p>\n<p>Gro\u00dfe soziale STIGMA<\/p>\n<p>obwohl nur 25 Prozent der Schizophrenien im Kindes- und Jugendalter deb\u00fctiert, einige krankheitsbezogene Symptome erscheinen in einem fr\u00fchen Alter, obwohl seine Diagnose nicht erst mehrere Jahre sp\u00e4ter auftritt.<\/p>\n<p>In diesem Sinne hat die S\u00e1nchez Monge kommentiert, dass die Gr\u00fcnde unterschiedlich sind, da sie von der Stigmatisierung von psychischen Erkrankungen, Angst der Eltern zu sozialen Ablehnung der Verwirrung zwischen den ersten Demonstrationen mit der induzierten Effekte der Konsum von Alkohol und toxische Stoffe gehen.<\/p>\n<p>&#8220;Die gro\u00dfe Mehrheit der jungen unbekannten Risiken f\u00fcr ihre Gesundheit von h\u00e4ufigen Missbrauch von Alkohol und Drogen. Es ist wichtig zu wissen, wie man auf die ersten Anzeichen reagieren und was zu tun mit dem Aufkommen von einem psychotischen Ausbruch&#8221;, angesiedelt hat. <\/p>\n","protected":false},"excerpt":{"rendered":"<p>MADRID, 11 (EUROPA PRESS) Die Spanische Konf\u00f6deration Gruppierungen von Familien- und geistigen Menschen (FEAFES) hat mehr finanzielle Mittel und Anstrengungen zur Erreichung der Vollbesch\u00e4ftigung und soziale Integration psychisch kranker angefordert. Und wie Sie von ihrem Pr\u00e4sidenten Jos\u00e9 Mar\u00eda S\u00e1nchez Monge, ist es &#8220;unm\u00f6glich&#8221;, die soziale und menschliche Auswirkungen, die aufgrund einer psychischen St\u00f6rung wie Schizophrenie [&hellip;]<\/p>\n","protected":false},"author":1,"featured_media":0,"comment_status":"close","ping_status":"open","sticky":false,"template":"","format":"standard","meta":{"footnotes":""},"categories":[3],"tags":[46952,46953],"class_list":["post-37579","post","type-post","status-publish","format-standard","hentry","category-allgemeine","tag-komposit","tag-vollbeschftigung","et-doesnt-have-format-content","et_post_format-et-post-format-standard"],"_links":{"self":[{"href":"https:\/\/www.best-dentist-dentistry.com\/de\/wp-json\/wp\/v2\/posts\/37579","targetHints":{"allow":["GET"]}}],"collection":[{"href":"https:\/\/www.best-dentist-dentistry.com\/de\/wp-json\/wp\/v2\/posts"}],"about":[{"href":"https:\/\/www.best-dentist-dentistry.com\/de\/wp-json\/wp\/v2\/types\/post"}],"author":[{"embeddable":true,"href":"https:\/\/www.best-dentist-dentistry.com\/de\/wp-json\/wp\/v2\/users\/1"}],"replies":[{"embeddable":true,"href":"https:\/\/www.best-dentist-dentistry.com\/de\/wp-json\/wp\/v2\/comments?post=37579"}],"version-history":[{"count":0,"href":"https:\/\/www.best-dentist-dentistry.com\/de\/wp-json\/wp\/v2\/posts\/37579\/revisions"}],"wp:attachment":[{"href":"https:\/\/www.best-dentist-dentistry.com\/de\/wp-json\/wp\/v2\/media?parent=37579"}],"wp:term":[{"taxonomy":"category","embeddable":true,"href":"https:\/\/www.best-dentist-dentistry.com\/de\/wp-json\/wp\/v2\/categories?post=37579"},{"taxonomy":"post_tag","embeddable":true,"href":"https:\/\/www.best-dentist-dentistry.com\/de\/wp-json\/wp\/v2\/tags?post=37579"}],"curies":[{"name":"wp","href":"https:\/\/api.w.org\/{rel}","templated":true}]}}