{"id":37651,"date":"2013-06-29T02:49:45","date_gmt":"2013-06-29T02:49:45","guid":{"rendered":null},"modified":"-0001-11-30T00:00:00","modified_gmt":"-0001-11-30T00:00:00","slug":"ana-mato-blamed-the-situation-in-catalonia-to-the-terrible-legacy-of-the-psoe","status":"publish","type":"post","link":"https:\/\/www.best-dentist-dentistry.com\/de\/ana-mato-blamed-the-situation-in-catalonia-to-the-terrible-legacy-of-the-psoe\/37651","title":{"rendered":"Ana Mato verantwortlich gemacht, die Situation in Katalonien &#8220;schreckliches Erbe&#8221; der PSOE"},"content":{"rendered":"<p class=\"first\"> Madrid, 17 jul (EFE).-der Minister f\u00fcr Gesundheit, soziale Dienste und Geschlechter, Ana Mato, gab heute Schuld die wirtschaftliche Situation von Katalonien, das &#8220;schreckliche Erbe&#8221; Links von der vorherigen PSOE Exekutive.<\/p>\n<p>So Mato hat auf der Tagung des Steuerelements an die Regierung in den Senat, wo der Stellvertreter des die M\u00f3nica Entesa Almi\u00f1ana nach If die Exekutive, die als &#8220;fair fragte, dass ein dual Copay verh\u00e4ngt&#8221; gesprochen der B\u00fcrger Kataloniens f\u00fcr Zugang zu Medikamenten.<\/p>\n<p>Almi\u00f1ana sagte, dass Catalans zahlen mehr f\u00fcr Medikamente, eine Tatsache hinzugef\u00fcgt, dass seine Gruppe &#8220;verleiht ihnen gleich nicht.<\/p>\n<p>&#8220;<\/p>\n<p>The Secretary of Health hat daf\u00fcr gesorgt, dass gibt es Regionen, die &#8220;sehr ernst&#8221; Finanzierungsprobleme haben, auch wenn es darum geht, ihre Abrechnung bezahlen &#8220;in einigen F\u00e4llen weil sie nicht \u00f6ffentlichen Haushaltes getroffen&#8221; und andere &#8220;durch das schreckliche Erbe erhalten haben, wie es der Fall von Katalonien ist&#8221;.<\/p>\n<p>Mato hat darauf hingewiesen, dass &#8220;die sehr schwierige Situation&#8221; ist eine &#8220;direkte Folge einer fehlgeleiteten Politik&#8221;, die seiner Ansicht nach die Regierung von Jos\u00e9 Luis Rodr\u00edguez Zapatero in Spanien und Katalonien eingeleitet hat.<\/p>\n<p>&#8220;Wir wollen nicht den gleichen Weg, folgen engagieren sich f\u00fcr eine verantwortungsvolle Politik besonders respektvoll der Prinzipien des Staates die Autonomien&#8221;, hervorgehoben Mato, wer f\u00fcgte hinzu, dass die Exekutive &#8220;ein Forum f\u00fcr den Dialog&#8221; mit der Regierung in Bezug auf die Preisgestaltung von Medikamenten ins Leben gerufen hat.<\/p>\n<p>Dar\u00fcber hinaus erkl\u00e4rte den Minister, dieses Forum, das Konzept der Preise durch die Verwaltung der Dienste B\u00fcrger gerichtet.<\/p>\n<p>Mato sagte unterdessen das Gesundheitsministerium wird weiterhin mit den autonomen Gemeinschaften die notwendigen Schritte einzuleiten, die die Nachhaltigkeit des Gesundheitssystems zu gew\u00e4hrleisten, wird.<\/p>\n<p>&#8220;Gemeinschaften bei der Nutzung ihrer Kr\u00e4fte zu sein, erm\u00f6glichen diejenigen, die die am besten geeignete Formel zu w\u00e4hlen&#8221;, betonte die Ministerin.<\/p>\n","protected":false},"excerpt":{"rendered":"<p>Madrid, 17 jul (EFE).-der Minister f\u00fcr Gesundheit, soziale Dienste und Geschlechter, Ana Mato, gab heute Schuld die wirtschaftliche Situation von Katalonien, das &#8220;schreckliche Erbe&#8221; Links von der vorherigen PSOE Exekutive. So Mato hat auf der Tagung des Steuerelements an die Regierung in den Senat, wo der Stellvertreter des die M\u00f3nica Entesa Almi\u00f1ana nach If die [&hellip;]<\/p>\n","protected":false},"author":1,"featured_media":0,"comment_status":"close","ping_status":"open","sticky":false,"template":"","format":"standard","meta":{"footnotes":""},"categories":[3],"tags":[46978],"class_list":["post-37651","post","type-post","status-publish","format-standard","hentry","category-allgemeine","tag-unesco-preis-hilfe","et-doesnt-have-format-content","et_post_format-et-post-format-standard"],"_links":{"self":[{"href":"https:\/\/www.best-dentist-dentistry.com\/de\/wp-json\/wp\/v2\/posts\/37651","targetHints":{"allow":["GET"]}}],"collection":[{"href":"https:\/\/www.best-dentist-dentistry.com\/de\/wp-json\/wp\/v2\/posts"}],"about":[{"href":"https:\/\/www.best-dentist-dentistry.com\/de\/wp-json\/wp\/v2\/types\/post"}],"author":[{"embeddable":true,"href":"https:\/\/www.best-dentist-dentistry.com\/de\/wp-json\/wp\/v2\/users\/1"}],"replies":[{"embeddable":true,"href":"https:\/\/www.best-dentist-dentistry.com\/de\/wp-json\/wp\/v2\/comments?post=37651"}],"version-history":[{"count":0,"href":"https:\/\/www.best-dentist-dentistry.com\/de\/wp-json\/wp\/v2\/posts\/37651\/revisions"}],"wp:attachment":[{"href":"https:\/\/www.best-dentist-dentistry.com\/de\/wp-json\/wp\/v2\/media?parent=37651"}],"wp:term":[{"taxonomy":"category","embeddable":true,"href":"https:\/\/www.best-dentist-dentistry.com\/de\/wp-json\/wp\/v2\/categories?post=37651"},{"taxonomy":"post_tag","embeddable":true,"href":"https:\/\/www.best-dentist-dentistry.com\/de\/wp-json\/wp\/v2\/tags?post=37651"}],"curies":[{"name":"wp","href":"https:\/\/api.w.org\/{rel}","templated":true}]}}