{"id":37680,"date":"2013-07-17T02:21:47","date_gmt":"2013-07-17T02:21:47","guid":{"rendered":null},"modified":"-0001-11-30T00:00:00","modified_gmt":"-0001-11-30T00:00:00","slug":"the-water-forum-closes-with-the-goal-of-bringing-this-issue-to-the-international-agenda","status":"publish","type":"post","link":"https:\/\/www.best-dentist-dentistry.com\/de\/the-water-forum-closes-with-the-goal-of-bringing-this-issue-to-the-international-agenda\/37680","title":{"rendered":"Das Wasser Forum schlie\u00dft mit dem Ziel, um dieses Problem auf die internationale Agenda zu bringen"},"content":{"rendered":"<p class=\"first\"> Paris, 17 M\u00e4r (EFE).-das Weltwasserforum geschlossen heute in Marseille seiner sechsten Auflage um die f\u00fchrenden Politiker der Welt um die Frage des Wassers zu \u00fcberzeugen als &#8220;ein globales Problem&#8221;, das muss gel\u00f6st werden &#8220;zum Wohle der Menschheit,&#8221; in den Worten ihres Pr\u00e4sidenten, Lo\u00efc Fauchon.<\/p>\n<p>&#8220;Live, einen Durchbruch in der Frage der Wasser&#8221; weil &#8220;Es hat verh\u00e4ngt sich als oberste Priorit\u00e4t der globalen Entwicklung&#8221;, sagte Fauchon in den Palast der Kongresse und Tagungen von Marseille, im S\u00fcdosten von Frankreich.<\/p>\n<p>Dieses Treffen der dreij\u00e4hrigen Abst\u00e4nden, die in Istanbul im Jahr 2009 statt und versammelte mehr als 10.000 Menschen das Wasser zwischen 12 und 17 M\u00e4rz diskutieren folgte, auch best\u00e4tigt, dass &#8220;die Rolle der Parlamente absolut entscheidend ist&#8221; Suche nach L\u00f6sungen im Bereich der nachhaltigen Bewirtschaftung der Wasserressourcen.<\/p>\n<p>In einer abschlie\u00dfenden Erkl\u00e4rung, der Pr\u00e4sident des Forums entschieden, dass die Weltkonferenz f\u00fcr nachhaltige Entwicklung, Rio + 20, die vom 20. bis 22. Juni in Rio De Janeiro (Brasilien) stattfinden wird, beschlossen hat, das Thema Wasser zum ersten Mal unter seinen neun Schwerpunkte umfassen.<\/p>\n<p>Dar\u00fcber hinaus hat die Generalversammlung der Vereinten Nationen f\u00fcr den Monat Juli am Tag gesetzt &#8220;v\u00f6llig gewidmet zum Wasser&#8221;, sagte Fauchon in einer Erkl\u00e4rung.<\/p>\n<p>Eine unverbindliche Ministererkl\u00e4rung verabschiedet von den Teilnehmern der Delegationen aus 130 L\u00e4ndern anwesend auf dem Forum darauf hingewiesen, dass es Zeit, &#8220;L\u00f6sungen&#8221; zu finden zu einem entscheidenden Problem ist, die Millenniumsziele 2015 Vereinten Nationen zu erreichen.<\/p>\n<p>Pr\u00fcfung Punkte umfassen Zugang zu Trinkwasser und sanit\u00e4ren Anlagen, da es das Wohlbefinden und die Gesundheit der Bewohner des Planeten beeinflusst und als Grundlage f\u00fcr Fortschritte in der nachhaltigen Entwicklung und Schaffung von Arbeitspl\u00e4tzen dient.<\/p>\n<p>Parallel eine alternative Forum an der teilnahmen, \u00d6kologen und &#8220;sogenannte&#8221; versuchte, die offizielle Nachricht zu betonen, dass Wasser keine Ware, sondern ein gemeinsames gut aller B\u00fcrger ist zu entfernen.<\/p>\n<p>NRO vertreten in diesem anderen Forum darauf hingewiesen, dass der Rahmen f\u00fcr diese Art von Treffen dem Dach der Vereinten Nationen w\u00e4re und kein Termin verwaltet &#8220;multinationale&#8221;.<\/p>\n<p>Franz\u00f6sische Premierminister Fran\u00e7ois Fillon, h\u00e4lt eine Rede w\u00e4hrend der World Water Forum in Marseille, Frankreich, am 11. M\u00e4rz. WireImage \/<\/p>\n","protected":false},"excerpt":{"rendered":"<p>Paris, 17 M\u00e4r (EFE).-das Weltwasserforum geschlossen heute in Marseille seiner sechsten Auflage um die f\u00fchrenden Politiker der Welt um die Frage des Wassers zu \u00fcberzeugen als &#8220;ein globales Problem&#8221;, das muss gel\u00f6st werden &#8220;zum Wohle der Menschheit,&#8221; in den Worten ihres Pr\u00e4sidenten, Lo\u00efc Fauchon. &#8220;Live, einen Durchbruch in der Frage der Wasser&#8221; weil &#8220;Es hat [&hellip;]<\/p>\n","protected":false},"author":1,"featured_media":0,"comment_status":"close","ping_status":"open","sticky":false,"template":"","format":"standard","meta":{"footnotes":""},"categories":[3],"tags":[46985],"class_list":["post-37680","post","type-post","status-publish","format-standard","hentry","category-allgemeine","tag-rettete","et-doesnt-have-format-content","et_post_format-et-post-format-standard"],"_links":{"self":[{"href":"https:\/\/www.best-dentist-dentistry.com\/de\/wp-json\/wp\/v2\/posts\/37680","targetHints":{"allow":["GET"]}}],"collection":[{"href":"https:\/\/www.best-dentist-dentistry.com\/de\/wp-json\/wp\/v2\/posts"}],"about":[{"href":"https:\/\/www.best-dentist-dentistry.com\/de\/wp-json\/wp\/v2\/types\/post"}],"author":[{"embeddable":true,"href":"https:\/\/www.best-dentist-dentistry.com\/de\/wp-json\/wp\/v2\/users\/1"}],"replies":[{"embeddable":true,"href":"https:\/\/www.best-dentist-dentistry.com\/de\/wp-json\/wp\/v2\/comments?post=37680"}],"version-history":[{"count":0,"href":"https:\/\/www.best-dentist-dentistry.com\/de\/wp-json\/wp\/v2\/posts\/37680\/revisions"}],"wp:attachment":[{"href":"https:\/\/www.best-dentist-dentistry.com\/de\/wp-json\/wp\/v2\/media?parent=37680"}],"wp:term":[{"taxonomy":"category","embeddable":true,"href":"https:\/\/www.best-dentist-dentistry.com\/de\/wp-json\/wp\/v2\/categories?post=37680"},{"taxonomy":"post_tag","embeddable":true,"href":"https:\/\/www.best-dentist-dentistry.com\/de\/wp-json\/wp\/v2\/tags?post=37680"}],"curies":[{"name":"wp","href":"https:\/\/api.w.org\/{rel}","templated":true}]}}