{"id":37708,"date":"2013-07-17T02:34:49","date_gmt":"2013-07-17T02:34:49","guid":{"rendered":null},"modified":"-0001-11-30T00:00:00","modified_gmt":"-0001-11-30T00:00:00","slug":"thousands-of-spaniards-march-against-austerity-on-may-1","status":"publish","type":"post","link":"https:\/\/www.best-dentist-dentistry.com\/de\/thousands-of-spaniards-march-against-austerity-on-may-1\/37708","title":{"rendered":"Tausende Spanier Demonstration gegen Sparma\u00dfnahmen am 1"},"content":{"rendered":"<p class=\"first\"> MADRID (Reuters) &#8211; Tausende Spanier nahmen am Sonntag auf die Stra\u00dfe, protestieren gegen die K\u00fcrzungen und Sparma\u00dfnahmen-Plan, der die spanische Regierung verteidigt, als der einzige Ausweg aus der Krise und die Rezession, die Arbeitslosigkeit mehr als 5,5 Millionen Menschen gef\u00fchrt hat.<\/p>\n<p>&#8220;In 80 <span class=\"yshortcuts\"id=\"lw_1335874932_6\"> St\u00e4dten in Spanien<\/span> fast 1 Million Arbeitnehmer sind auf den Stra\u00dfen, die zu einem Verst\u00e4ndnis sozialer Beziehungen Nein sagen&#8221;, sagte Ignacio Fernandez-Toxo, Generalsekret\u00e4r des Comisiones Obreras in Madrids Puerta del Sol am Ende der Demonstration von UGT und CCOO. Licerada<\/p>\n<p>Die beiden Verantwortlichen k\u00fcndigte neue Mobilisierungen um die Krise um die M\u00f6glichkeit, das soziale Wohlfahrt-Modell zu zerst\u00f6ren werden zu verhindern, aber erw\u00e4hnte nicht die M\u00f6glichkeit der Einberufung einer anderen Generalstreik.<\/p>\n<p>&#8220;War nicht der letzte Tag (29. M\u00e4rz), am 1 Mai ist nicht das Ende.&#8221; Wir gehen auf die Stra\u00dfe bis diese \u00c4nderung&#8221;, sagte der F\u00fchrer der Comisiones Obreras. &#8220;Nicht gehen zu erreichen, da die Staatsb\u00fcrgerschaft dieses Landes immer mehr bewusst, was ist passiert&#8221;, f\u00fcgte er hinzu.<\/p>\n<p>Eine gro\u00dfe B\u00fcrgerschaft forderte eine intermittierende Regen und einer langen Br\u00fccke von zwei Feiertage in Madrid und wie Sonntag, die Demonstrationen schien weniger, dass die letzten Monat anl\u00e4sslich der Generalstreik statt nahm er auf die Stra\u00dfe um Hunderttausende von B\u00fcrgern gegen die j\u00fcngste Reform der Arbeit, die die Entlassung verbilligt.<\/p>\n<p>Nach der Gewerkschaften in Madrid teilgenommen 1 \u00b0 Mai rund 100.000 Menschen, und in ganz Spanien fast 1 Million B\u00fcrger, Polizei Figuren, die nicht mit bezeichnen k\u00f6nnte Quellen.<\/p>\n<p>&#8220;Wir nicht normalerweise marschierten, aber in diesem Jahr mit allen Schnitten, wir f\u00fchlen, dass wir protestieren m\u00fcssen. Ich arbeite in der Gemeinschaft von Madrid, und wir sehen viele Entlassungen, l\u00e4ngere Arbeitszeiten und weniger Lohn &#8220;, sagte Victoria Helm, 54-J\u00e4hrige, der Nachrichtenagentur Reuters im Herzen von Madrid.<\/p>\n<p>Am Sonntag, Rajoy verteidigte seine Reformagenda als wesentlich f\u00fcr die Bew\u00e4ltigung der tiefen Wirtschaftskrise des Landes, und k\u00fcndigte an, dass es Genehmigung jeden Freitag neuen Ma\u00dfnahmen weiterhin um das Land auf den Weg des Wachstums zur\u00fcckkehren.<\/p>\n<p>The Executive hat k\u00fcrzlich vorgeschlagen, 10 Milliarden Euro in den Bereichen Bildung und Gesundheit, in ihren Bem\u00fchungen um eine drastische Absenkung des \u00f6ffentlichen Defizits auf 8,5 Prozent des Bruttoinlandsprodukts in 2011 bis zu 3,0 Prozent im Jahr 2013 zur von der EU auferlegten Ziele erf\u00fcllen zu speichern.<\/p>\n","protected":false},"excerpt":{"rendered":"<p>MADRID (Reuters) &#8211; Tausende Spanier nahmen am Sonntag auf die Stra\u00dfe, protestieren gegen die K\u00fcrzungen und Sparma\u00dfnahmen-Plan, der die spanische Regierung verteidigt, als der einzige Ausweg aus der Krise und die Rezession, die Arbeitslosigkeit mehr als 5,5 Millionen Menschen gef\u00fchrt hat. &#8220;In 80 St\u00e4dten in Spanien fast 1 Million Arbeitnehmer sind auf den Stra\u00dfen, die [&hellip;]<\/p>\n","protected":false},"author":1,"featured_media":0,"comment_status":"close","ping_status":"open","sticky":false,"template":"","format":"standard","meta":{"footnotes":""},"categories":[3],"tags":[46989],"class_list":["post-37708","post","type-post","status-publish","format-standard","hentry","category-allgemeine","tag-nachfolgekandidaten","et-doesnt-have-format-content","et_post_format-et-post-format-standard"],"_links":{"self":[{"href":"https:\/\/www.best-dentist-dentistry.com\/de\/wp-json\/wp\/v2\/posts\/37708","targetHints":{"allow":["GET"]}}],"collection":[{"href":"https:\/\/www.best-dentist-dentistry.com\/de\/wp-json\/wp\/v2\/posts"}],"about":[{"href":"https:\/\/www.best-dentist-dentistry.com\/de\/wp-json\/wp\/v2\/types\/post"}],"author":[{"embeddable":true,"href":"https:\/\/www.best-dentist-dentistry.com\/de\/wp-json\/wp\/v2\/users\/1"}],"replies":[{"embeddable":true,"href":"https:\/\/www.best-dentist-dentistry.com\/de\/wp-json\/wp\/v2\/comments?post=37708"}],"version-history":[{"count":0,"href":"https:\/\/www.best-dentist-dentistry.com\/de\/wp-json\/wp\/v2\/posts\/37708\/revisions"}],"wp:attachment":[{"href":"https:\/\/www.best-dentist-dentistry.com\/de\/wp-json\/wp\/v2\/media?parent=37708"}],"wp:term":[{"taxonomy":"category","embeddable":true,"href":"https:\/\/www.best-dentist-dentistry.com\/de\/wp-json\/wp\/v2\/categories?post=37708"},{"taxonomy":"post_tag","embeddable":true,"href":"https:\/\/www.best-dentist-dentistry.com\/de\/wp-json\/wp\/v2\/tags?post=37708"}],"curies":[{"name":"wp","href":"https:\/\/api.w.org\/{rel}","templated":true}]}}