{"id":37771,"date":"2013-07-20T02:25:53","date_gmt":"2013-07-20T02:25:53","guid":{"rendered":null},"modified":"-0001-11-30T00:00:00","modified_gmt":"-0001-11-30T00:00:00","slug":"de-villepin-proposed-reduce-world-dependence-on-nuclear-energy","status":"publish","type":"post","link":"https:\/\/www.best-dentist-dentistry.com\/de\/de-villepin-proposed-reduce-world-dependence-on-nuclear-energy\/37771","title":{"rendered":"De Villepin vorgeschlagen Welt Abh\u00e4ngigkeit von Kernenergie verringern"},"content":{"rendered":"<p class=\"first\"> Manaus (Brasilien), 23 Mar (EFE).-Ex-der franz\u00f6sische Premierminister Dominique de Villepin hat heute eine &#8220;realistische&#8221; verringern globale Abh\u00e4ngigkeit von Kernenergie zu intervenieren, dem Weltforum f\u00fcr nachhaltige Entwicklung vorgeschlagen.<\/p>\n<p>&#8220;In unserem Land, 75 % der Energie stammt aus Kernkraftwerken, gab es eine wichtige Debatte nach der Katastrophe von Fukushima&#8221; passierten im vergangenen Jahr beim japanischen Kernkraftwerk durch das Erdbeben im M\u00e4rz 11 besch\u00e4digt wurde, in diesem Land, sagte Villepin Journalisten in den amazonischen Stadt von Manaos.<\/p>\n<p>Laut Villepin, Fukushima-Unfall f\u00fchrte zu einer Debatte in Frankreich \u00fcber die Nutzung der Kernenergie.<\/p>\n<p>&#8220;einige glauben, dass wir sollten weiterhin diese Art von Energie zu verwenden, und andere glauben, dass wir unsere Abh\u00e4ngigkeit von zun\u00e4chst 75 Prozent bis zu 50 Prozent reduzieren sollte&#8221;, sagte.<\/p>\n<p>Villepin gewarnt, dass die Reduzierung &#8220;realistisch&#8221; sein muss und im Fall von Deutschland, das eine Reduktion auf NULL, als Beispiel f\u00fcr den Ersatz der Kernenergie durch gr\u00fcne Energie schl\u00e4gt zitiert.<\/p>\n<p>&#8220;die Frage ist, wie diese \u00c4nderung in einem industrialisierten Land realistisch sein kann? Es ist nicht einfach zur Erreichung dieses Ziels kurzfristig&#8221;, in Frage gestellt.<\/p>\n<p>Villepin der Auffassung, dass eine Verringerung der Abh\u00e4ngigkeit von der Kernenergie-Prozess &#8220;eine neue gr\u00fcne Wirtschaft braucht&#8221; erlauben &#8220;eine gr\u00f6\u00dfere Balance zwischen Kernenergie, Elektrizit\u00e4t und neue erneuerbare Energien&#8221;.<\/p>\n<p>&#8220;Das ist heute eines der wichtigsten Anliegen, die verschiedenen Interessen in der Mitte einer Finanzkrise und langfristige Probleme der moralischen und politischen, abstimmen, da die Umgebung ist keine Frage, die nicht auf ein einzelnes Land beschr\u00e4nkt ist&#8221; betont.<\/p>\n<p>Wird ben\u00f6tigt, um &#8220;auf die individuellen Bed\u00fcrfnisse eines jeden Landes reagieren ohne die anderen, denn es gibt Schwierigkeiten, die sofort als Entwaldung und Wassermangel konfrontiert werden m\u00fcssen&#8221;, franz\u00f6sischer Politiker,.<\/p>\n<p>&#8220;Wir m\u00fcssen akzeptieren Vielfalt und Tools, z. B. einen neuen Organismus der Vereinten Nationen f\u00fcr nachhaltige Entwicklung zu finden&#8221;, sagte er.<\/p>\n<p>Der ehemalige franz\u00f6sische Premierminister Dominique de Villepin gewarnt, dass die Reduktion &#8220;realistisch&#8221; sein muss und den Fall von Deutschland, die eine Reduktion zitiert auf NULL, als Beispiel f\u00fcr den Ersatz der Kernenergie durch gr\u00fcne Energie schl\u00e4gt. WireImage \/<\/p>\n","protected":false},"excerpt":{"rendered":"<p>Manaus (Brasilien), 23 Mar (EFE).-Ex-der franz\u00f6sische Premierminister Dominique de Villepin hat heute eine &#8220;realistische&#8221; verringern globale Abh\u00e4ngigkeit von Kernenergie zu intervenieren, dem Weltforum f\u00fcr nachhaltige Entwicklung vorgeschlagen. &#8220;In unserem Land, 75 % der Energie stammt aus Kernkraftwerken, gab es eine wichtige Debatte nach der Katastrophe von Fukushima&#8221; passierten im vergangenen Jahr beim japanischen Kernkraftwerk durch [&hellip;]<\/p>\n","protected":false},"author":1,"featured_media":0,"comment_status":"close","ping_status":"open","sticky":false,"template":"","format":"standard","meta":{"footnotes":""},"categories":[3],"tags":[47002],"class_list":["post-37771","post","type-post","status-publish","format-standard","hentry","category-allgemeine","tag-eu-normen","et-doesnt-have-format-content","et_post_format-et-post-format-standard"],"_links":{"self":[{"href":"https:\/\/www.best-dentist-dentistry.com\/de\/wp-json\/wp\/v2\/posts\/37771","targetHints":{"allow":["GET"]}}],"collection":[{"href":"https:\/\/www.best-dentist-dentistry.com\/de\/wp-json\/wp\/v2\/posts"}],"about":[{"href":"https:\/\/www.best-dentist-dentistry.com\/de\/wp-json\/wp\/v2\/types\/post"}],"author":[{"embeddable":true,"href":"https:\/\/www.best-dentist-dentistry.com\/de\/wp-json\/wp\/v2\/users\/1"}],"replies":[{"embeddable":true,"href":"https:\/\/www.best-dentist-dentistry.com\/de\/wp-json\/wp\/v2\/comments?post=37771"}],"version-history":[{"count":0,"href":"https:\/\/www.best-dentist-dentistry.com\/de\/wp-json\/wp\/v2\/posts\/37771\/revisions"}],"wp:attachment":[{"href":"https:\/\/www.best-dentist-dentistry.com\/de\/wp-json\/wp\/v2\/media?parent=37771"}],"wp:term":[{"taxonomy":"category","embeddable":true,"href":"https:\/\/www.best-dentist-dentistry.com\/de\/wp-json\/wp\/v2\/categories?post=37771"},{"taxonomy":"post_tag","embeddable":true,"href":"https:\/\/www.best-dentist-dentistry.com\/de\/wp-json\/wp\/v2\/tags?post=37771"}],"curies":[{"name":"wp","href":"https:\/\/api.w.org\/{rel}","templated":true}]}}