{"id":37772,"date":"2013-07-20T02:26:02","date_gmt":"2013-07-20T02:26:02","guid":{"rendered":null},"modified":"-0001-11-30T00:00:00","modified_gmt":"-0001-11-30T00:00:00","slug":"asturias-again-have-regional-elections","status":"publish","type":"post","link":"https:\/\/www.best-dentist-dentistry.com\/de\/asturias-again-have-regional-elections\/37772","title":{"rendered":"Asturien wieder haben Regionalwahlen"},"content":{"rendered":"<p class=\"first\"> MADRID (Reuters) &#8211; Asturien statt Sonntag ihren zweiten Landtagswahl in weniger als einem Jahr, nach Monaten des politischen Stillstand, die es vers\u00e4umt haben, die regionalen Haushalten genehmigen.<\/p>\n<p>An einem Tag in dem Medien und Beobachter konzentriert sich ihre Aufmerksamkeit auf die Landtagswahlen in Andalusien, eine traditionelle sozialistische Hochburg und wer eine konservative Regierung zum ersten Mal seit der Wiedereinf\u00fchrung der Demokratie w\u00e4hlen konnten die asturische W\u00e4hler an die Urnen nach Monaten der Puls zwischen politischen Kr\u00e4ften zur\u00fcckgegeben.<\/p>\n<p>Kann die Gemeinschaft der Norden Spaniens haben den letzten mit knapper Mehrheit der Asturias-Forum-Partei, gef\u00fchrt vom ehemaligen Minister Francisco \u00c1lvarez-Helme, ausgeschiedenen die Partei um die regionale Gruppe zu bilden. Aber FA hat eine steife Opposition in der PP und der Sozialistischen Partei gefunden.<\/p>\n<p>Die drei Formationen gescheitert erkl\u00e4ren sich damit einverstanden, auf die Haushalte in der Region, die im vergangenen Januar auf die Ank\u00fcndigung von Neuwahlen f\u00fchrte.<\/p>\n<p>&#8220;Abstimmung ist entscheiden, den Weg in die Zukunft f\u00fcr Asturien an den Fortschritt zu entscheiden&#8221;, sagte Helme am Sonntag, als er ging morgens am Sonntag abstimmen, in Anweisungen zusammengestellt von Nationalradio.<\/p>\n<p>Mercedes Fern\u00e1ndez, Kandidat der PP bei diesen Wahlen zugelassen eine gewisse Nervosit\u00e4t auf das Ergebnis.<\/p>\n<p>&#8220;immer hat man einen kleinen Nerv, die sonst nicht die Wahrheit sagen, in der Ruhe-Q verleiht die Arbeit&#8221;, kommentiert. &#8220;Wir machen mehr Dinge mit weniger Geld&#8221;.<\/p>\n<p>Sozialdemokratische Kandidat, Javier Fern\u00e1ndez, beschrieb den Tag als &#8220;ein gro\u00dfer Tag&#8221; Abstimmung.<\/p>\n<p>sagte, &#8220;Ich hoffe, einen wundersch\u00f6nen Tag f\u00fcr die asturische Demokratie zu sein&#8221;,.<\/p>\n<p>Erzielte jedoch bei 14:00 nachmittags nur 26,60 Prozent der W\u00e4hler ihr Wahlrecht ausge\u00fcbt hatte, unterhalb der 34,99 gleichzeitig Mai-Wahlen. Dies k\u00f6nnte darauf hinweisen, dass eine Abnahme im Interesse des Volkes Asturisch, obwohl die \u00c4nderung nach DST, wer vor einer Stunde in den fr\u00fchen Morgenstunden des Sonntags-Uhren, die Variation beeinflusst haben k\u00f6nnte.<\/p>\n","protected":false},"excerpt":{"rendered":"<p>MADRID (Reuters) &#8211; Asturien statt Sonntag ihren zweiten Landtagswahl in weniger als einem Jahr, nach Monaten des politischen Stillstand, die es vers\u00e4umt haben, die regionalen Haushalten genehmigen. An einem Tag in dem Medien und Beobachter konzentriert sich ihre Aufmerksamkeit auf die Landtagswahlen in Andalusien, eine traditionelle sozialistische Hochburg und wer eine konservative Regierung zum ersten [&hellip;]<\/p>\n","protected":false},"author":1,"featured_media":0,"comment_status":"close","ping_status":"open","sticky":false,"template":"","format":"standard","meta":{"footnotes":""},"categories":[3],"tags":[47002],"class_list":["post-37772","post","type-post","status-publish","format-standard","hentry","category-allgemeine","tag-eu-normen","et-doesnt-have-format-content","et_post_format-et-post-format-standard"],"_links":{"self":[{"href":"https:\/\/www.best-dentist-dentistry.com\/de\/wp-json\/wp\/v2\/posts\/37772","targetHints":{"allow":["GET"]}}],"collection":[{"href":"https:\/\/www.best-dentist-dentistry.com\/de\/wp-json\/wp\/v2\/posts"}],"about":[{"href":"https:\/\/www.best-dentist-dentistry.com\/de\/wp-json\/wp\/v2\/types\/post"}],"author":[{"embeddable":true,"href":"https:\/\/www.best-dentist-dentistry.com\/de\/wp-json\/wp\/v2\/users\/1"}],"replies":[{"embeddable":true,"href":"https:\/\/www.best-dentist-dentistry.com\/de\/wp-json\/wp\/v2\/comments?post=37772"}],"version-history":[{"count":0,"href":"https:\/\/www.best-dentist-dentistry.com\/de\/wp-json\/wp\/v2\/posts\/37772\/revisions"}],"wp:attachment":[{"href":"https:\/\/www.best-dentist-dentistry.com\/de\/wp-json\/wp\/v2\/media?parent=37772"}],"wp:term":[{"taxonomy":"category","embeddable":true,"href":"https:\/\/www.best-dentist-dentistry.com\/de\/wp-json\/wp\/v2\/categories?post=37772"},{"taxonomy":"post_tag","embeddable":true,"href":"https:\/\/www.best-dentist-dentistry.com\/de\/wp-json\/wp\/v2\/tags?post=37772"}],"curies":[{"name":"wp","href":"https:\/\/api.w.org\/{rel}","templated":true}]}}