{"id":37796,"date":"2013-07-20T02:29:30","date_gmt":"2013-07-20T02:29:30","guid":{"rendered":null},"modified":"-0001-11-30T00:00:00","modified_gmt":"-0001-11-30T00:00:00","slug":"unions-turn-to-the-pp-to-mato-convene-health-sectoral-table","status":"publish","type":"post","link":"https:\/\/www.best-dentist-dentistry.com\/de\/unions-turn-to-the-pp-to-mato-convene-health-sectoral-table\/37796","title":{"rendered":"Gewerkschaften dran mit der PP zu Mato einzuberufen Gesundheit sektoralen Tabelle"},"content":{"rendered":"<p class=\"first\"> MADRID, 1 (EUROPA PRESS)<\/p>\n<p>Haben die repr\u00e4sentativsten Gewerkschaftsorganisationen im Gesundheitsbereich (CCOO, SATSE, UGT, CSIF, CEMSATSE und RK) einen Brief an die popul\u00e4ren parlamentarische Gruppe im Kongress geschickt, damit sie Fragen den amtierende Minister des Feldes, Ana Mato, bei der sektoralen Statustabelle Gesundheit einberufen, die im vergangenen September auf Gehei\u00df seines Vorg\u00e4ngers im Amt eingerichtet wurdeLeire Pajin.<\/p>\n<p>, Dass K\u00f6rper, dann waren die Gemeinden Katalonien, Andalusien, Asturien, Arag\u00f3n, Kanarische Inseln und Navarra, trat einen Treffpunkt f\u00fcr Gesundheit-Verwaltungen und Gewerkschaften verhandeln k\u00f6nnen, Dialog und Adresse gemeinsamen Aspekte mit zu HRD im nationalen Gesundheitssystem (SNS Bezug) erstellen soll.<\/p>\n<p>Jedoch &#8220;seit ihrer Gr\u00fcndung keine funktionierende&#8221; und dar\u00fcber hinaus in der Gegenwart noch Legislative hat jeder Zeit nicht erf\u00fcllt, &#8220;wiederholt werden gebeten, den neuen Minister&#8221;.<\/p>\n<p>Gewerkschaften beschlossen daher, zu gehen die &#39; beliebte &#39; des Kongresses so dass sie eine parlamentarische Initiative zur Durchf\u00fchrung &#8220;zu kl\u00e4ren, die Funktionen und die Kompetenzen der verschiedenen Foren und etabliert die erforderlichen Mechanismen um ihre Kompetenzen zu entwickeln&#8221;.<\/p>\n<p>Auch Bedenken, dass die sektorale Tabelle in wenigen Augenblicken handeln sollte, in dem &#8220;Haupt\u00e4nderungen auftreten&#8221;, und vor allem nachdem endlich Interterritorial Rat beschlossen, drei Arbeitsgruppen \u00fcber die Arbeitsbedingungen von Fachleuten im Bereich einrichten, betreffen Themen wie Weiterbildung, definieren ein neues Verg\u00fctungsmodell oder die Bestimmung der Gleichwertigkeit von unterschiedlichen Berufsgruppenignorieren die erforderliche Verhandlungen \u00fcber zitiert Materialien. <\/p>\n<p>&#8220;dieser sektoralen Tabelle Zustand der Gesundheit ist nicht etwas neues, im Bereich der \u00f6ffentlichen Verwaltungen bereits existieren, andere in verschiedenen Bereichen in der Ausbildung, der Universit\u00e4t oder der allgemeinen Verwaltung des Staates und mit identischen F\u00e4higkeiten zu den in dieser Tabelle und entwickeln ihre Aufgaben mit mehr oder weniger Schwierigkeiten, sondern indem man die Kr\u00e4fte, die es zugewiesen wurden&#8221;, haben die Gewerkschaften erinnert.<\/p>\n","protected":false},"excerpt":{"rendered":"<p>MADRID, 1 (EUROPA PRESS) Haben die repr\u00e4sentativsten Gewerkschaftsorganisationen im Gesundheitsbereich (CCOO, SATSE, UGT, CSIF, CEMSATSE und RK) einen Brief an die popul\u00e4ren parlamentarische Gruppe im Kongress geschickt, damit sie Fragen den amtierende Minister des Feldes, Ana Mato, bei der sektoralen Statustabelle Gesundheit einberufen, die im vergangenen September auf Gehei\u00df seines Vorg\u00e4ngers im Amt eingerichtet wurdeLeire [&hellip;]<\/p>\n","protected":false},"author":1,"featured_media":0,"comment_status":"close","ping_status":"open","sticky":false,"template":"","format":"standard","meta":{"footnotes":""},"categories":[3],"tags":[47008,47009],"class_list":["post-37796","post","type-post","status-publish","format-standard","hentry","category-allgemeine","tag-angefgt","tag-dran","et-doesnt-have-format-content","et_post_format-et-post-format-standard"],"_links":{"self":[{"href":"https:\/\/www.best-dentist-dentistry.com\/de\/wp-json\/wp\/v2\/posts\/37796","targetHints":{"allow":["GET"]}}],"collection":[{"href":"https:\/\/www.best-dentist-dentistry.com\/de\/wp-json\/wp\/v2\/posts"}],"about":[{"href":"https:\/\/www.best-dentist-dentistry.com\/de\/wp-json\/wp\/v2\/types\/post"}],"author":[{"embeddable":true,"href":"https:\/\/www.best-dentist-dentistry.com\/de\/wp-json\/wp\/v2\/users\/1"}],"replies":[{"embeddable":true,"href":"https:\/\/www.best-dentist-dentistry.com\/de\/wp-json\/wp\/v2\/comments?post=37796"}],"version-history":[{"count":0,"href":"https:\/\/www.best-dentist-dentistry.com\/de\/wp-json\/wp\/v2\/posts\/37796\/revisions"}],"wp:attachment":[{"href":"https:\/\/www.best-dentist-dentistry.com\/de\/wp-json\/wp\/v2\/media?parent=37796"}],"wp:term":[{"taxonomy":"category","embeddable":true,"href":"https:\/\/www.best-dentist-dentistry.com\/de\/wp-json\/wp\/v2\/categories?post=37796"},{"taxonomy":"post_tag","embeddable":true,"href":"https:\/\/www.best-dentist-dentistry.com\/de\/wp-json\/wp\/v2\/tags?post=37796"}],"curies":[{"name":"wp","href":"https:\/\/api.w.org\/{rel}","templated":true}]}}