{"id":37840,"date":"2013-07-20T02:36:21","date_gmt":"2013-07-20T02:36:21","guid":{"rendered":null},"modified":"-0001-11-30T00:00:00","modified_gmt":"-0001-11-30T00:00:00","slug":"sanz-insists-there-will-be-no-health-copay-that-in-and-said-they-were-satisfied-with-inversion-of-the-pge","status":"publish","type":"post","link":"https:\/\/www.best-dentist-dentistry.com\/de\/sanz-insists-there-will-be-no-health-copay-that-in-and-said-they-were-satisfied-with-inversion-of-the-pge\/37840","title":{"rendered":"Sanz besteht, gibt es keine &#8220;Gesundheit Copay&#8221;, dass in und sagte sie &#8220;zufrieden&#8221; mit Inversion der PGE waren"},"content":{"rendered":"<p class=\"first\"> LOGRO\u00d1O, 12 (EUROPA PRESS)<\/p>\n<p>Der Pr\u00e4sident der Regierung von La Rioja, Pedro Sanz, hat heute Nachmittag, voll von La Rioja Parlament, darauf bestanden, in denen La Rioja gibt keine &#8220;Gesundheit-Copay&#8221; werden. Hat auch gesagt &#8220;zufrieden sein&#8221; mit der 2012 allgemeine Staatshaushalte f\u00fcr die Region weil &#8220;Investitionsprojekte zu bleiben und neue Projekte Qualit\u00e4t entstehen&#8221;.<\/p>\n<p>Der Chef von La Rioja Executive reagierte auf diese Weise zwei Fragen, die von der Sozialistischen Fraktion. Die erste von ihnen, vom Mitglied der PSOE, Jos\u00e9 Angel Lacalzada, soll die Bewertung zu treffen, die die Regierung der Rioja von des Staatshaushalts in Bezug auf das Gebiet der Autonomen Gemeinschaft La Rioja gemacht; und die zweite, ausgel\u00f6st durch die parlamentarischen Pablo Rubio, wollte die Auswirkungen kennen, die in La Rioja &#8220;Reformpaket&#8221; angek\u00fcndigt, die von der Regierung der Nation in der Bildung und des Gesundheitsschutzes der Autonomen Gemeinschaft La Rioja w\u00e4re.<\/p>\n<p>Im letzteren Fall hat die Sanz sichergestellt, dass &#8220;Ma\u00dfnahmen wird den Verlust an Diensten von Qualit\u00e4t in La Rioja nicht beeintr\u00e4chtigen&#8221;, wobei in seiner Weigerung, &#8220;Gesundheit Praxisgeb\u00fchr&#8221;, sowie das &#8220;nicht gibt es ein R\u00fcckgang der Bildungsqualit\u00e4t&#8221;.<\/p>\n","protected":false},"excerpt":{"rendered":"<p>LOGRO\u00d1O, 12 (EUROPA PRESS) Der Pr\u00e4sident der Regierung von La Rioja, Pedro Sanz, hat heute Nachmittag, voll von La Rioja Parlament, darauf bestanden, in denen La Rioja gibt keine &#8220;Gesundheit-Copay&#8221; werden. Hat auch gesagt &#8220;zufrieden sein&#8221; mit der 2012 allgemeine Staatshaushalte f\u00fcr die Region weil &#8220;Investitionsprojekte zu bleiben und neue Projekte Qualit\u00e4t entstehen&#8221;. Der Chef [&hellip;]<\/p>\n","protected":false},"author":1,"featured_media":0,"comment_status":"close","ping_status":"open","sticky":false,"template":"","format":"standard","meta":{"footnotes":""},"categories":[3],"tags":[],"class_list":["post-37840","post","type-post","status-publish","format-standard","hentry","category-allgemeine","et-doesnt-have-format-content","et_post_format-et-post-format-standard"],"_links":{"self":[{"href":"https:\/\/www.best-dentist-dentistry.com\/de\/wp-json\/wp\/v2\/posts\/37840","targetHints":{"allow":["GET"]}}],"collection":[{"href":"https:\/\/www.best-dentist-dentistry.com\/de\/wp-json\/wp\/v2\/posts"}],"about":[{"href":"https:\/\/www.best-dentist-dentistry.com\/de\/wp-json\/wp\/v2\/types\/post"}],"author":[{"embeddable":true,"href":"https:\/\/www.best-dentist-dentistry.com\/de\/wp-json\/wp\/v2\/users\/1"}],"replies":[{"embeddable":true,"href":"https:\/\/www.best-dentist-dentistry.com\/de\/wp-json\/wp\/v2\/comments?post=37840"}],"version-history":[{"count":0,"href":"https:\/\/www.best-dentist-dentistry.com\/de\/wp-json\/wp\/v2\/posts\/37840\/revisions"}],"wp:attachment":[{"href":"https:\/\/www.best-dentist-dentistry.com\/de\/wp-json\/wp\/v2\/media?parent=37840"}],"wp:term":[{"taxonomy":"category","embeddable":true,"href":"https:\/\/www.best-dentist-dentistry.com\/de\/wp-json\/wp\/v2\/categories?post=37840"},{"taxonomy":"post_tag","embeddable":true,"href":"https:\/\/www.best-dentist-dentistry.com\/de\/wp-json\/wp\/v2\/tags?post=37840"}],"curies":[{"name":"wp","href":"https:\/\/api.w.org\/{rel}","templated":true}]}}