{"id":37877,"date":"2013-07-20T02:42:34","date_gmt":"2013-07-20T02:42:34","guid":{"rendered":null},"modified":"-0001-11-30T00:00:00","modified_gmt":"-0001-11-30T00:00:00","slug":"amnesty-international-considers-absolutely-regressive-health-care-reform","status":"publish","type":"post","link":"https:\/\/www.best-dentist-dentistry.com\/de\/amnesty-international-considers-absolutely-regressive-health-care-reform\/37877","title":{"rendered":"amnesty international considers absolutely regressive health care reform"},"content":{"rendered":"<p class=\"first\"> Madrid, 25 Apr (EFE).-Amnesty International (AI) gilt heute als Zugang zu \u00f6ffentlichen Gesundheitssystems f\u00fcr Migranten in einer irregul\u00e4ren Situation sei ein &#8220;ganz regressive&#8221;.<\/p>\n<p>So der stellvertretende Direktor des AI in Spanien gesichert hat, sagte Eva Suarez-Llanos, Efe, die Sorge um die Auswirkungen der Gesetzesverordnung genehmigt von der Regierung in Gesundheit in der Bev\u00f6lkerung, vor allem in den am st\u00e4rksten gef\u00e4hrdeten Gruppen gezeigt hat.<\/p>\n<p>Gesundheitsreform sieht vor, dass Migranten in einer regelwidrigen Lage nicht mehr kostenlose Gesundheitsversorgung am 1 September, au\u00dfer in einigen dringenden F\u00e4llen erhalten.<\/p>\n<p>Suarez-Llanos erinnerte daran, dass Spanien &#8220;einige L\u00e4nder&#8221;, die es den internationalen Pakt \u00fcber wirtschaftliche, soziale und kulturelle Rechte ratifiziert hat, die Kr\u00e4fte ist, um das Recht auf Gesundheit &#8220;keine Degression oder Diskriminierung&#8221; zu respektieren.<\/p>\n<p>Begrenzung der \u00e4rztliche Betreuung f\u00fcr irregul\u00e4re Migranten, entsprechend der stellvertretende Direktor des AI, &#8220;w\u00fcrde die Verpflichtung verletzen&#8221; angenommen durch Spanien, diesen Pakt zu ratifizieren.<\/p>\n<p>Seiner Ansicht diese Ma\u00dfnahme das Leben einiger Menschen gef\u00e4hrden k\u00f6nnen, und betonte, dass es spezielle Auswirkungen unter chronisch Kranke, die an psychischen Erkrankungen leiden und Bed\u00fcrftigen eine Behandlung gegen Schmerzen haben kann.<\/p>\n<p>&#8220;Wir uns erinnern, verweigern, dass eine Behandlung gegen Schmerzen verst\u00f6\u00dft gegen internationale Menschenrechtsstandards&#8221;, hat behauptet Su\u00e1rez-Llanos, wer verweigert hat, dass Einwanderer Gesundheitsdienste f\u00e4lschlicherweise verwendet.<\/p>\n<p>In diesem Sinne, hat darauf bestanden, dass die EU-Grundrechte-Agentur bereits gewarnt, dass sein Leben gef\u00e4hrden und stellen ein potentielles Risiko f\u00fcr die Gesundheit aller B\u00fcrger durch Infektionskrankheiten, die sie \u00fcbertragen kann ausgenommen irregul\u00e4rer Einwanderer in das Gesundheitssystem.<\/p>\n<p>Auch betont, dass Frauen, die Opfer von Gewalt gegen Frauen und haben ihre Situation geregelt auch betroffen sein werden, da seiner Ansicht nach ist sie Zugriff auf Grundversorgung, welche &#8220;ist die wichtigste&#8221; Erkennung von Misshandlung beschr\u00e4nken.<\/p>\n","protected":false},"excerpt":{"rendered":"<p>Madrid, 25 Apr (EFE).-Amnesty International (AI) gilt heute als Zugang zu \u00f6ffentlichen Gesundheitssystems f\u00fcr Migranten in einer irregul\u00e4ren Situation sei ein &#8220;ganz regressive&#8221;. So der stellvertretende Direktor des AI in Spanien gesichert hat, sagte Eva Suarez-Llanos, Efe, die Sorge um die Auswirkungen der Gesetzesverordnung genehmigt von der Regierung in Gesundheit in der Bev\u00f6lkerung, vor allem [&hellip;]<\/p>\n","protected":false},"author":1,"featured_media":0,"comment_status":"close","ping_status":"open","sticky":false,"template":"","format":"standard","meta":{"footnotes":""},"categories":[3],"tags":[],"class_list":["post-37877","post","type-post","status-publish","format-standard","hentry","category-allgemeine","et-doesnt-have-format-content","et_post_format-et-post-format-standard"],"_links":{"self":[{"href":"https:\/\/www.best-dentist-dentistry.com\/de\/wp-json\/wp\/v2\/posts\/37877","targetHints":{"allow":["GET"]}}],"collection":[{"href":"https:\/\/www.best-dentist-dentistry.com\/de\/wp-json\/wp\/v2\/posts"}],"about":[{"href":"https:\/\/www.best-dentist-dentistry.com\/de\/wp-json\/wp\/v2\/types\/post"}],"author":[{"embeddable":true,"href":"https:\/\/www.best-dentist-dentistry.com\/de\/wp-json\/wp\/v2\/users\/1"}],"replies":[{"embeddable":true,"href":"https:\/\/www.best-dentist-dentistry.com\/de\/wp-json\/wp\/v2\/comments?post=37877"}],"version-history":[{"count":0,"href":"https:\/\/www.best-dentist-dentistry.com\/de\/wp-json\/wp\/v2\/posts\/37877\/revisions"}],"wp:attachment":[{"href":"https:\/\/www.best-dentist-dentistry.com\/de\/wp-json\/wp\/v2\/media?parent=37877"}],"wp:term":[{"taxonomy":"category","embeddable":true,"href":"https:\/\/www.best-dentist-dentistry.com\/de\/wp-json\/wp\/v2\/categories?post=37877"},{"taxonomy":"post_tag","embeddable":true,"href":"https:\/\/www.best-dentist-dentistry.com\/de\/wp-json\/wp\/v2\/tags?post=37877"}],"curies":[{"name":"wp","href":"https:\/\/api.w.org\/{rel}","templated":true}]}}