{"id":37930,"date":"2013-07-24T02:28:37","date_gmt":"2013-07-24T02:28:37","guid":{"rendered":null},"modified":"-0001-11-30T00:00:00","modified_gmt":"-0001-11-30T00:00:00","slug":"lula-returned-to-political-activity-after-cancer-treatment","status":"publish","type":"post","link":"https:\/\/www.best-dentist-dentistry.com\/de\/lula-returned-to-political-activity-after-cancer-treatment\/37930","title":{"rendered":"Lula kehrte nach politische Aktivit\u00e4t nach Krebsbehandlung"},"content":{"rendered":"<p class=\"first\"> Sao Paulo, 14 Apr (EFE).-der ehemalige brasilianische Pr\u00e4sident Luiz Inacio Lula da Silva kehrte heute auf politische T\u00e4tigkeit nach Abschluss der letzten Monat eine Behandlung gegen Krebs des Kehlkopfes und wieder \u00f6ffentlich w\u00e4hrend der Einweihung einer technischen Schule in Sao Bernardo Campo, seine politischen Fortin.<\/p>\n<p>Lula wurde w\u00e4hrend der Veranstaltung f\u00fcr Hunderte von Menschen, die an der Einweihung der Schule teilnahmen, tr\u00e4gt den Namen Regina Rocco, eine Hommage an die Schwiegermutter von der Uribe jubelten.<\/p>\n<p>Bei der Einweihung teilgenommen, unter anderem den Minister f\u00fcr Kultur, Ana de Hollanda; der ehemalige Minister f\u00fcr Tourismus und Senator Marta Suplicy; ehemaliger Minister f\u00fcr Arbeit und B\u00fcrgermeister von S\u00e3o Bernardo Campo, Luiz Marinho; und der ehemalige Minister f\u00fcr Bildung, Kandidat f\u00fcr das B\u00fcrgermeisteramt von Sao Paulo, Fernando Hadad, unterst\u00fctzt von Lula.<\/p>\n<p>S\u00e3o Bernardo Campo, eine Industrie und Kommune in der Metropolregion S\u00e3o Paulo, wurde der gewerkschaftlichen und politischen Geburtsort von Lula am Ende der 1970er Jahre und der ehemalige Pr\u00e4sident und seine Familie wohnen in dieser Stadt.<\/p>\n<p>Die Exgobernante von 66 Jahren, hatte seine \u00f6ffentlichen Lebens unterzogen-Behandlung mit Chemotherapie und Bestrahlung Therapie zur Krebsbek\u00e4mpfung, die im Oktober letzten Jahres diagnostiziert wurde unterbrochen.<\/p>\n<p>Am 28. M\u00e4rz, die \u00c4rzte im Sirio-Libanes-Krankenhaus in Sao Paulo angek\u00fcndigt, dass 3 cm Tumor verschwunden.<\/p>\n","protected":false},"excerpt":{"rendered":"<p>Sao Paulo, 14 Apr (EFE).-der ehemalige brasilianische Pr\u00e4sident Luiz Inacio Lula da Silva kehrte heute auf politische T\u00e4tigkeit nach Abschluss der letzten Monat eine Behandlung gegen Krebs des Kehlkopfes und wieder \u00f6ffentlich w\u00e4hrend der Einweihung einer technischen Schule in Sao Bernardo Campo, seine politischen Fortin. Lula wurde w\u00e4hrend der Veranstaltung f\u00fcr Hunderte von Menschen, die [&hellip;]<\/p>\n","protected":false},"author":1,"featured_media":0,"comment_status":"close","ping_status":"open","sticky":false,"template":"","format":"standard","meta":{"footnotes":""},"categories":[3],"tags":[47066],"class_list":["post-37930","post","type-post","status-publish","format-standard","hentry","category-allgemeine","tag-hm","et-doesnt-have-format-content","et_post_format-et-post-format-standard"],"_links":{"self":[{"href":"https:\/\/www.best-dentist-dentistry.com\/de\/wp-json\/wp\/v2\/posts\/37930","targetHints":{"allow":["GET"]}}],"collection":[{"href":"https:\/\/www.best-dentist-dentistry.com\/de\/wp-json\/wp\/v2\/posts"}],"about":[{"href":"https:\/\/www.best-dentist-dentistry.com\/de\/wp-json\/wp\/v2\/types\/post"}],"author":[{"embeddable":true,"href":"https:\/\/www.best-dentist-dentistry.com\/de\/wp-json\/wp\/v2\/users\/1"}],"replies":[{"embeddable":true,"href":"https:\/\/www.best-dentist-dentistry.com\/de\/wp-json\/wp\/v2\/comments?post=37930"}],"version-history":[{"count":0,"href":"https:\/\/www.best-dentist-dentistry.com\/de\/wp-json\/wp\/v2\/posts\/37930\/revisions"}],"wp:attachment":[{"href":"https:\/\/www.best-dentist-dentistry.com\/de\/wp-json\/wp\/v2\/media?parent=37930"}],"wp:term":[{"taxonomy":"category","embeddable":true,"href":"https:\/\/www.best-dentist-dentistry.com\/de\/wp-json\/wp\/v2\/categories?post=37930"},{"taxonomy":"post_tag","embeddable":true,"href":"https:\/\/www.best-dentist-dentistry.com\/de\/wp-json\/wp\/v2\/tags?post=37930"}],"curies":[{"name":"wp","href":"https:\/\/api.w.org\/{rel}","templated":true}]}}