{"id":37941,"date":"2013-07-24T02:33:05","date_gmt":"2013-07-24T02:33:05","guid":{"rendered":null},"modified":"-0001-11-30T00:00:00","modified_gmt":"-0001-11-30T00:00:00","slug":"indigenous-bolivians-made-pause-in-their-march-to-la-paz-against-road","status":"publish","type":"post","link":"https:\/\/www.best-dentist-dentistry.com\/de\/indigenous-bolivians-made-pause-in-their-march-to-la-paz-against-road\/37941","title":{"rendered":"Indigene Bolivianer gemacht in ihren Marsch nach La Paz gegen Stra\u00dfe anhalten"},"content":{"rendered":"<p class=\"first\"> Trinidad (Bolivien), 28 APR (EFE).-die Ureinwohner des bolivianischen Amazonas, die eine Stra\u00dfe im Nationalpark ablehnen, Tipnis machte heute eine Pause in seinem neuen Marsch in La Paz warten weitere Native, den Protest gegen das Projekt von Pr\u00e4sident Evo Morales, laut einer Quelle in der Industrie gef\u00f6rdert beitreten werden.<\/p>\n<p>Hunderte von einheimischen, die die Karawane zu integrieren werden wieder verbringen die Nacht im Variator Hafen, von wo es kam gestern nach touring 17 Kilometer von der Stadt von Trinidad, Amazon, er hat Efe telefonisch gesagt, einer der Anf\u00fchrer der Konf\u00f6deration Indianer aus dem Osten von Bolivien (Biografie), Lazaro Tacoo.<\/p>\n<p>Tacoo erkl\u00e4rte, dass es erwarten sie die Ankunft der weitere Eingeborenen des Territoriums Ind\u00edgena Isiboro S\u00e9cure Nationalpark (Tipnis) und aus anderen Regionen, die den Protest in den n\u00e4chsten Stunden beitreten werden.<\/p>\n<p>Regen und niedrigen Temperaturen, in der Amazonas-Region ungew\u00f6hnlich auch den Vormarsch des Marsches, behindert, so dass die Indianer um zu definieren, wenn sie den Spaziergang sofort fortsetzen oder werden dies am Montag Morgen werden.<\/p>\n<p>The Amazon ablehnen mit dem neuen M\u00e4rz, der zweite in einem Jahr, die die Stra\u00dfe durch das Herz der Tipnis f\u00fchrt, gelegen in der Mitte von Bolivien, weil sie f\u00fcrchten, um zu zerst\u00f6ren, was sie betrachten, ein Paradies f\u00fcr Wohnens inmitten eines au\u00dfergew\u00f6hnlichen Tier- und Pflanzenarten Lebensraums auf einer Fl\u00e4che von 1,2 Millionen Hektar ideal.<\/p>\n<p>Hunderte von indigenen V\u00f6lker des Amazonas und das Altiplano, darunter Kinder und Frauen, begann ihre Wanderung am Trinity-College, nachdem nicht an am Mittwoch in das Dorf Chaperina, zuerst treffen Treffpunkt, durch die Blockierung von den Anh\u00e4ngern der Morales weiterleitet, die die Stra\u00dfenbauvorhaben unterst\u00fctzen.<\/p>\n<p>In Anweisungen zu Efe, Vice President der Biografie, Nelly Romero, gerechtfertigt die neue Mobilisierung argumentiert, dass &#8220;es keinen single Point gab&#8221; der Angeklagten im M\u00e4rz 2011 &#8220;, die die Regierung erf\u00fcllt&#8221;.<\/p>\n<p>Eingeborene der Tipnis ablehnen den neuen Marsch und unterst\u00fctzen Sie die Arbeit nach einer Kampagne von Morales, Mestizen Aymara Ursprungs, der Geschenke und geschlossenen Abkommen mit diesen Sektoren entf\u00fchrt hat, so dass sie nicht an die Wanderung teilnehmen.<\/p>\n<p>Dieser Gruppen erfordern eine Beratung auf der Strecke zwischen der Park Ethne, unterst\u00fctzt durch vor kurzem ein moralisches Gesetz, das widerspricht eine andere des gleichen Pr\u00e4sidenten nach dem Weggang des letzten Jahres, die in Kraft ist und Veto einlegt jede Stra\u00dfe in der Tipnis. EFE<\/p>\n","protected":false},"excerpt":{"rendered":"<p>Trinidad (Bolivien), 28 APR (EFE).-die Ureinwohner des bolivianischen Amazonas, die eine Stra\u00dfe im Nationalpark ablehnen, Tipnis machte heute eine Pause in seinem neuen Marsch in La Paz warten weitere Native, den Protest gegen das Projekt von Pr\u00e4sident Evo Morales, laut einer Quelle in der Industrie gef\u00f6rdert beitreten werden. Hunderte von einheimischen, die die Karawane zu [&hellip;]<\/p>\n","protected":false},"author":1,"featured_media":0,"comment_status":"close","ping_status":"open","sticky":false,"template":"","format":"standard","meta":{"footnotes":""},"categories":[3],"tags":[47067],"class_list":["post-37941","post","type-post","status-publish","format-standard","hentry","category-allgemeine","tag-rentnern","et-doesnt-have-format-content","et_post_format-et-post-format-standard"],"_links":{"self":[{"href":"https:\/\/www.best-dentist-dentistry.com\/de\/wp-json\/wp\/v2\/posts\/37941","targetHints":{"allow":["GET"]}}],"collection":[{"href":"https:\/\/www.best-dentist-dentistry.com\/de\/wp-json\/wp\/v2\/posts"}],"about":[{"href":"https:\/\/www.best-dentist-dentistry.com\/de\/wp-json\/wp\/v2\/types\/post"}],"author":[{"embeddable":true,"href":"https:\/\/www.best-dentist-dentistry.com\/de\/wp-json\/wp\/v2\/users\/1"}],"replies":[{"embeddable":true,"href":"https:\/\/www.best-dentist-dentistry.com\/de\/wp-json\/wp\/v2\/comments?post=37941"}],"version-history":[{"count":0,"href":"https:\/\/www.best-dentist-dentistry.com\/de\/wp-json\/wp\/v2\/posts\/37941\/revisions"}],"wp:attachment":[{"href":"https:\/\/www.best-dentist-dentistry.com\/de\/wp-json\/wp\/v2\/media?parent=37941"}],"wp:term":[{"taxonomy":"category","embeddable":true,"href":"https:\/\/www.best-dentist-dentistry.com\/de\/wp-json\/wp\/v2\/categories?post=37941"},{"taxonomy":"post_tag","embeddable":true,"href":"https:\/\/www.best-dentist-dentistry.com\/de\/wp-json\/wp\/v2\/tags?post=37941"}],"curies":[{"name":"wp","href":"https:\/\/api.w.org\/{rel}","templated":true}]}}