{"id":37972,"date":"2013-07-24T02:37:25","date_gmt":"2013-07-24T02:37:25","guid":{"rendered":null},"modified":"-0001-11-30T00:00:00","modified_gmt":"-0001-11-30T00:00:00","slug":"the-psoe-accused-rajoy-of-ending-universal-public-health-model","status":"publish","type":"post","link":"https:\/\/www.best-dentist-dentistry.com\/de\/the-psoe-accused-rajoy-of-ending-universal-public-health-model\/37972","title":{"rendered":"Die PSOE beschuldigt Rajoy universal Modell zu beenden"},"content":{"rendered":"<p class=\"first\"> Madrid, 9. Mai (EFE).-El PSOE glaubt, dass Rajoys Regierung das Modell der Ma\u00dfnahmen des Gesundheitswesens, die Enden mit einem universal health care System ge\u00e4ndert hat, konzipiert als ein Grundrecht der Staatsb\u00fcrgerschaft, und lassen Sie die gleichen Gruppen als Migranten in einer irregul\u00e4ren Situation in Spanien.<\/p>\n<p>Die Sozialisten erfordern auch die k\u00f6nigliche Verordnung vorsieht, verweigern die Gesundheitskarte auf Einwanderer, die in einer regelwidrigen Lage als Bill und Zustand zu dem Unterausschuss des Bundes f\u00fcr die Gesundheit unterst\u00fctzen behandelt werden sind nach einer Erkl\u00e4rung, die heute \u00f6ffentlich gemacht.<\/p>\n<p>Das Sekretariat der Sozialpolitik, Trinidad Jim\u00e9nez, Beteiligung, Netzwerke und Innovation, Mar\u00eda Gonz\u00e1lez Veracruz, und die Einwanderung und Zusammenarbeit, Marisol P\u00e9rez sowie Sprecher f\u00fcr Gesundheit, Pepe Martinez Olmos und Einwanderung, Esperan\u00e7a Esteve, ein Treffen mit Migrationshintergrund gehalten haben, Verb\u00e4nde, Gewerkschaften und kollektive Gesundheit auf Zinssenkungen durch die Regierung von der PP-Gesundheit.<\/p>\n<p>F\u00fcr die Sozialisten, diese Ma\u00dfnahmen umfassen &#8220;grundlegende Ver\u00e4nderungen in das \u00f6ffentliche Gesundheitswesen&#8221; und mit ihnen &rsquo;&rsquo; Mariano Rajoy Booten eine wahre Gegenreformation Gesundheit &rsquo;&rsquo; ersetzt ein System basierend auf Universalabdeckung von einem Zuverl\u00e4ssigkeitserkl\u00e4rung.<\/p>\n<p>Das Dekret &#8220;verletzt radikal das Recht auf Schutz der Gesundheit von allen Spaniern&#8221; mit &#8220;ist eine tiefgreifende Reform der Heilung, die beschlossen, ohne jeden Dialog und Diskussion mit den Partnern die CCAA und am Rand&#8221; voll von der Interterritorial-Rat.<\/p>\n<p>Dar\u00fcber hinaus die Regierung hat erkl\u00e4rt, dass es nicht zul\u00e4sst, dessen Verarbeitung als Bill, so stehlen die notwendige politische Debatte und die M\u00f6glichkeit, die nicht ausreichen Rechtsgarantien des Dekrets, l\u00f6sen wird die Notiz hinzugef\u00fcgt.<\/p>\n<p>Die Ergebnisse dieser Ma\u00dfnahmen werden <\/p>\n<p>A Studie der Sozialistischen Partei, &#8220;unwirksam und regressive&#8221; sein. Also, zeigten besonderes Anliegen, denn es die M\u00f6glichkeit er\u00f6ffnet, dass es Modelle der Krankenversicherung differenziert f\u00fcr verschiedene Gruppen der Bev\u00f6lkerung in Bezug auf dessen \u00f6konomische Bedeutung.<\/p>\n<p>Menschen mit mehr finanziellen Mitteln werden Gastgeber f\u00fcr private Versicherungen, mehr oder weniger mit \u00f6ffentlichen Geldern subventioniert verlassen den Rest der Bev\u00f6lkerung in den H\u00e4nden eines unterfinanzierten und gest\u00f6rter \u00f6ffentlichen Systems, Typ gemeinn\u00fctzige, anprangern.<\/p>\n","protected":false},"excerpt":{"rendered":"<p>Madrid, 9. Mai (EFE).-El PSOE glaubt, dass Rajoys Regierung das Modell der Ma\u00dfnahmen des Gesundheitswesens, die Enden mit einem universal health care System ge\u00e4ndert hat, konzipiert als ein Grundrecht der Staatsb\u00fcrgerschaft, und lassen Sie die gleichen Gruppen als Migranten in einer irregul\u00e4ren Situation in Spanien. Die Sozialisten erfordern auch die k\u00f6nigliche Verordnung vorsieht, verweigern die [&hellip;]<\/p>\n","protected":false},"author":1,"featured_media":0,"comment_status":"close","ping_status":"open","sticky":false,"template":"","format":"standard","meta":{"footnotes":""},"categories":[3],"tags":[47071],"class_list":["post-37972","post","type-post","status-publish","format-standard","hentry","category-allgemeine","tag-xxiv-kongress","et-doesnt-have-format-content","et_post_format-et-post-format-standard"],"_links":{"self":[{"href":"https:\/\/www.best-dentist-dentistry.com\/de\/wp-json\/wp\/v2\/posts\/37972","targetHints":{"allow":["GET"]}}],"collection":[{"href":"https:\/\/www.best-dentist-dentistry.com\/de\/wp-json\/wp\/v2\/posts"}],"about":[{"href":"https:\/\/www.best-dentist-dentistry.com\/de\/wp-json\/wp\/v2\/types\/post"}],"author":[{"embeddable":true,"href":"https:\/\/www.best-dentist-dentistry.com\/de\/wp-json\/wp\/v2\/users\/1"}],"replies":[{"embeddable":true,"href":"https:\/\/www.best-dentist-dentistry.com\/de\/wp-json\/wp\/v2\/comments?post=37972"}],"version-history":[{"count":0,"href":"https:\/\/www.best-dentist-dentistry.com\/de\/wp-json\/wp\/v2\/posts\/37972\/revisions"}],"wp:attachment":[{"href":"https:\/\/www.best-dentist-dentistry.com\/de\/wp-json\/wp\/v2\/media?parent=37972"}],"wp:term":[{"taxonomy":"category","embeddable":true,"href":"https:\/\/www.best-dentist-dentistry.com\/de\/wp-json\/wp\/v2\/categories?post=37972"},{"taxonomy":"post_tag","embeddable":true,"href":"https:\/\/www.best-dentist-dentistry.com\/de\/wp-json\/wp\/v2\/tags?post=37972"}],"curies":[{"name":"wp","href":"https:\/\/api.w.org\/{rel}","templated":true}]}}