{"id":37994,"date":"2013-07-24T02:39:36","date_gmt":"2013-07-24T02:39:36","guid":{"rendered":null},"modified":"-0001-11-30T00:00:00","modified_gmt":"-0001-11-30T00:00:00","slug":"health-want-that-before-end-of-year-lots-of-services-bid-to-manage-hospitals","status":"publish","type":"post","link":"https:\/\/www.best-dentist-dentistry.com\/de\/health-want-that-before-end-of-year-lots-of-services-bid-to-manage-hospitals\/37994","title":{"rendered":"Gesundheit soll vor Ende des Jahres viele Service Angebot, Krankenh\u00e4user zu verwalten"},"content":{"rendered":"<p class=\"first\"> CASTELL\u00d3N, 14 (EUROPA PRESS)<\/p>\n<p>Valencia-Minister f\u00fcr Gesundheit, Luis Rosado, Montag, dass Interesse von Unternehmen bei der Verwaltung der Dienste der Krankenh\u00e4user in Valencia und das vor Ende des Jahres darauf hingewiesen k\u00f6nnte viele Gebote.<\/p>\n<p>Pink hat diese Aussagen gemacht, nach der Unterzeichnung der Vereinbarung einer Zusammenarbeit mit der B\u00fcrgermeister von Castell\u00f3n, Alfonso Bataller, f\u00fcr die Bereitstellung des Dienstes der SAMU in der Hauptstadt von La Plana und in diesem Zusammenhang gestellt werden.<\/p>\n<p>Said, &#8220;wir tun allerlei technische Analysen, die Termine in K\u00fcrze zu f\u00f6rdern, haben wir ein Dokument, auf die Auswahl der Unternehmen vorzugehen&#8221;. Ebenso erkl\u00e4rte, dass es Interesse bei einigen Unternehmen an diesem Verfahren teilnehmen und das Engagement des Rates, dass ist &#8220;vor Ende dieses Jahres ausgeschrieben das Gesamtpaket von Partien, die die Region Valencia zusammengesetzt, und ich glaube, dass wir in der Zeit wird&#8221;.<\/p>\n<p>&#8220;Bleibt Gesundheitsversorgung \u00f6ffentlich, was geschieht, ist eine Neuordnung des privaten Sektors&#8221;, sagte dem Berater, die hinzugef\u00fcgt, die die Kriterien so, dass Unternehmen, zur Verwaltung entscheiden k\u00f6nnen dieser Dienste Solvenz und technische Qualit\u00e4t aufnehmen.<\/p>\n<p>Inquired durch jede neue Ma\u00dfnahme, pharmazeutische Ausgaben zu senken, hingewiesen Rose, dass seit dem Rat &#8220;sind geschaffen alle Ma\u00dfnahmen der Regierung der Nation, die nicht die Errichtung einer neuen Selbstbeteiligung, aber eine unterschiedliche Verteilung der Beteiligung an Vorschriften in Bezug auf die Gegenwart, wobei die H\u00f6he der Einkommen der B\u00fcrger&#8221;, und unsere Absicht ist es, M\u00e4rz im Juni zu setzen&#8221;.<\/p>\n<p>\u00dcber die Durchf\u00fchrung der Raval Universitari Health Center, gesagt: &#8220;Wir sind in einer Situation der Wirtschaftskrise wichtig genug und derzeit Investitionen zu erh\u00f6hen, denn die Generalit\u00c3 \u00a4 t recht kompliziert ist&#8221; auf der anderen Seite in Frage gestellt. Er sagte, dass die Regierung von Valencia &#8220;immer&#8221; die Verpflichtungen erworben mit den B\u00fcrgern, &#8220;aber noch ist es ausreichend realistisch \u00fcbernimmt zu tun, wenn wir unsere wirtschaftliche Situation verbessern&#8221;.<\/p>\n<p>&#8220;Heute kurzfristig, nicht wir, das Konzept der neuen Werke anfangen k\u00f6nnen, zu wissen, dass wir bis Ende einige davon haben wir gestartet und dar\u00fcber hinaus, die wir zu 100 Prozent halten die Gesundheitsressourcen, mit denen arbeiten heute unter den bestm\u00f6glichen Bedingungen&#8221;, sagte Rosado, wer f\u00fcgte hinzu, dass sie durchgef\u00fchrte Reformen ist, &#8220;Wenn die Generalit\u00c3 \u00a4 t wirtschaftlich k\u00f6nnen&#8221;.<\/p>\n","protected":false},"excerpt":{"rendered":"<p>CASTELL\u00d3N, 14 (EUROPA PRESS) Valencia-Minister f\u00fcr Gesundheit, Luis Rosado, Montag, dass Interesse von Unternehmen bei der Verwaltung der Dienste der Krankenh\u00e4user in Valencia und das vor Ende des Jahres darauf hingewiesen k\u00f6nnte viele Gebote. Pink hat diese Aussagen gemacht, nach der Unterzeichnung der Vereinbarung einer Zusammenarbeit mit der B\u00fcrgermeister von Castell\u00f3n, Alfonso Bataller, f\u00fcr die [&hellip;]<\/p>\n","protected":false},"author":1,"featured_media":0,"comment_status":"close","ping_status":"open","sticky":false,"template":"","format":"standard","meta":{"footnotes":""},"categories":[3],"tags":[47079,47080],"class_list":["post-37994","post","type-post","status-publish","format-standard","hentry","category-allgemeine","tag-iemals","tag-service-angebot","et-doesnt-have-format-content","et_post_format-et-post-format-standard"],"_links":{"self":[{"href":"https:\/\/www.best-dentist-dentistry.com\/de\/wp-json\/wp\/v2\/posts\/37994","targetHints":{"allow":["GET"]}}],"collection":[{"href":"https:\/\/www.best-dentist-dentistry.com\/de\/wp-json\/wp\/v2\/posts"}],"about":[{"href":"https:\/\/www.best-dentist-dentistry.com\/de\/wp-json\/wp\/v2\/types\/post"}],"author":[{"embeddable":true,"href":"https:\/\/www.best-dentist-dentistry.com\/de\/wp-json\/wp\/v2\/users\/1"}],"replies":[{"embeddable":true,"href":"https:\/\/www.best-dentist-dentistry.com\/de\/wp-json\/wp\/v2\/comments?post=37994"}],"version-history":[{"count":0,"href":"https:\/\/www.best-dentist-dentistry.com\/de\/wp-json\/wp\/v2\/posts\/37994\/revisions"}],"wp:attachment":[{"href":"https:\/\/www.best-dentist-dentistry.com\/de\/wp-json\/wp\/v2\/media?parent=37994"}],"wp:term":[{"taxonomy":"category","embeddable":true,"href":"https:\/\/www.best-dentist-dentistry.com\/de\/wp-json\/wp\/v2\/categories?post=37994"},{"taxonomy":"post_tag","embeddable":true,"href":"https:\/\/www.best-dentist-dentistry.com\/de\/wp-json\/wp\/v2\/tags?post=37994"}],"curies":[{"name":"wp","href":"https:\/\/api.w.org\/{rel}","templated":true}]}}