{"id":38112,"date":"2013-07-27T02:43:37","date_gmt":"2013-07-27T02:43:37","guid":{"rendered":null},"modified":"-0001-11-30T00:00:00","modified_gmt":"-0001-11-30T00:00:00","slug":"doctors-and-nurses-blamed-the-junta-de-andalucaa-of-the-semicolapso-of-health-and-ask-to-not-be-cut-in-wages","status":"publish","type":"post","link":"https:\/\/www.best-dentist-dentistry.com\/de\/doctors-and-nurses-blamed-the-junta-de-andalucaa-of-the-semicolapso-of-health-and-ask-to-not-be-cut-in-wages\/38112","title":{"rendered":"\u00c4rzte und Krankenschwestern der Junta de Andaluc\u00eda, der &#8220;Semicolapso&#8221; der Gesundheit die Schuld und bitten Sie um L\u00f6hne nicht gek\u00fcrzt werden"},"content":{"rendered":"<p class=\"first\"> warnen, dass letztlich <span class=\"yshortcuts\" id=\"lw_1339519093_6\"> diese Situation<\/span> der &#8220;Spannung&#8221; im allgemeinen Auswirkungen auf Wartelisten und die Aufmerksamkeit haben kann<\/p>\n<p>Sevilla, 12 (EUROPA PRESS)<\/p>\n<p>Der Pr\u00e4sidenten von Hochschulen von \u00c4rzten und Krankenschwestern von Sevilla, Carlos Gonz\u00e1lez-Vilardell und Jos\u00e9 Mar\u00eda Rueda, haben bzw. Dienstag Schuld der Junta de Andaluc\u00eda, der Situation der &#8220;Semicolapso&#8221;, die seiner Ansicht nach die Volksgesundheit andalusischen ist &#8220;Day by Day&#8221; mit &#8220;kontinuierliche Instabilit\u00e4t in Bezug auf die Arbeit-Nachrichten&#8221; f\u00fcr ihre 70.000 medizinisches Fachpersonal (35.000 \u00c4rzte und Krankenschwestern 35.000) aufgrund der K\u00fcrzungen von der andalusischen auf seine Anpassung Plan Regierung angek\u00fcndigt, der die an zur\u00fcckgegeben haben Reihenfolge &#8220;lastet nicht heraus ber\u00fchren die Geh\u00e4lter der Gesundheit&#8221;.<\/p>\n<p>Pressekonferenz, beide College-Beamten haben zugegeben nicht nur die Situation der die Krise des Landes bewusst, obwohl sie beschuldigt haben die autonome Verwaltung-Einstellungen vornehmen &#8220;ber\u00fchren die Geh\u00e4lter von Fachkr\u00e4ften im Gesundheitswesen&#8221;, derer hervorgehoben haben &#8220;sie sind nicht alle Verantwortlichen dieser Krise, die Name und Nachname, und Andalusien regional Health Board genannt hat&#8221;.<\/p>\n<p>Rad, wer nimmt es mit ihr, w\u00e4hrend wir jeden Tag sehen, wie alle Zusch\u00fcsse gegeben werden dennoch bedauerte ignorieren &#8220;das ist, was in letzter Zeit passiert ist, mit den gesundheitlichen&#8221; anerkannt &#8220;Wir wissen, dass die wirtschaftliche Lage ist,&#8221;.<\/p>\n<p>Rad hat davor gewarnt, den Thread \u00fcber die &#8220;Sorge&#8221; der Gesundheit-Errichtung von der andalusischen Gesundheit &#8220;verschlechtert&#8221;, jedes Mal, wenn dieser Gonzalez-Vilardell gewarnt hat, dass dieser &#8220;Angriff&#8221; f\u00fcr die \u00f6ffentliche Gesundheit &#8220;zu Lasten des B\u00fcrgers gehen, da \u00f6ffentliche Gesundheit in einer Situation der extremen Schwerkraft, Instabilit\u00e4t und Unruhen arbeitet&#8221;.<\/p>\n<p>&#8220;Diese Situation ist nicht aufgetreten von selbst und vor vier Jahren, sah ich kommen,&#8221; setzte der College-Pr\u00e4sident der \u00c4rzte, die der Vorstand nicht beschuldigt hat eine L\u00f6sung des Konflikts zu suchen, &#8220;die passieren andere Management-Formeln als trim Zwischenpositionen, Stiftungen und Gesundheit Agenturen&#8221;.<\/p>\n<p>&#8220;Ist nicht akzeptabel Arbeit mit Demonstrationen und schnitten&#8221;<\/p>\n<p>&#8220;Es ist nicht akzeptabel Arbeit mit t\u00e4glichen Assemblys, Gerichte Verkehr und Demonstrationen vor den Toren der Zentren&#8221;, wurde Gonz\u00e1lez-Vilardell \u00fcber die Situation der &#8220;Semicolapso&#8221; in die Spazierg\u00e4nge, seiner Meinung nach der Public-Health, trotz der &#8220;weiterhin Dank der Professionalit\u00e4t ihrer Arbeitnehmer&#8221; exemplifiziert.<\/p>\n<p>&#8220;This Time Wecker nicht Aufmerksamkeit durch die Professionalit\u00e4t unserer Gesundheit, sondern mit der \u00dcberladung der Arbeit wieder den R\u00fcckgang der L\u00f6hne, die nicht decken niedrig wird, die Vertr\u00e4ge nicht verl\u00e4ngert werden, und die Patienten gleich, jeden Tag, als auch die medizinischen Handlungen bleiben;&#8221; schlie\u00dflich Profi ihm geben was Sie zu geben haben, und es haben Auswirkungen auf die Gesundheit und auf den Wartelisten, &#8220;denunziert.<\/p>\n<p>&#8220;Es ist noch Zeit&#8221;<\/p>\n<p>Hingegen haben hervorgehoben, dass &#8220;es noch Zeit ist f\u00fcr diese Verschlechterung nicht vorbei, geht&#8221; jetzt &#8220;Zeit mit Gewerkschaften zu verhandeln, so dass andere M\u00f6glichkeiten zu sehen und das Professional bereits von schlecht bezahlt, ist nicht, die die wirtschaftliche Lage zu halten, in der wir uns befinden&#8221;.<\/p>\n<p>&#8220;Destroy erfolgt in kurzer Zeit aber wieder aufbauen, es viel dauert,&#8221; geschlossen haben, diese F\u00fchrung, die auch die Gesundheitsverwaltung kritisiert haben &#8220;drei Jahre dauern ohne Sitzung des Rates der Gesundheit von Andalusien, eine Stelle, wo wir sind, Schulen, Gewerkschaften, Verbraucherverb\u00e4nde und die Verwaltung selbst vertreten&#8221;.<\/p>\n","protected":false},"excerpt":{"rendered":"<p>warnen, dass letztlich diese Situation der &#8220;Spannung&#8221; im allgemeinen Auswirkungen auf Wartelisten und die Aufmerksamkeit haben kann Sevilla, 12 (EUROPA PRESS) Der Pr\u00e4sidenten von Hochschulen von \u00c4rzten und Krankenschwestern von Sevilla, Carlos Gonz\u00e1lez-Vilardell und Jos\u00e9 Mar\u00eda Rueda, haben bzw. Dienstag Schuld der Junta de Andaluc\u00eda, der Situation der &#8220;Semicolapso&#8221;, die seiner Ansicht nach die Volksgesundheit [&hellip;]<\/p>\n","protected":false},"author":1,"featured_media":0,"comment_status":"close","ping_status":"open","sticky":false,"template":"","format":"standard","meta":{"footnotes":""},"categories":[3],"tags":[47098],"class_list":["post-38112","post","type-post","status-publish","format-standard","hentry","category-allgemeine","tag-vorzeitigkeit","et-doesnt-have-format-content","et_post_format-et-post-format-standard"],"_links":{"self":[{"href":"https:\/\/www.best-dentist-dentistry.com\/de\/wp-json\/wp\/v2\/posts\/38112","targetHints":{"allow":["GET"]}}],"collection":[{"href":"https:\/\/www.best-dentist-dentistry.com\/de\/wp-json\/wp\/v2\/posts"}],"about":[{"href":"https:\/\/www.best-dentist-dentistry.com\/de\/wp-json\/wp\/v2\/types\/post"}],"author":[{"embeddable":true,"href":"https:\/\/www.best-dentist-dentistry.com\/de\/wp-json\/wp\/v2\/users\/1"}],"replies":[{"embeddable":true,"href":"https:\/\/www.best-dentist-dentistry.com\/de\/wp-json\/wp\/v2\/comments?post=38112"}],"version-history":[{"count":0,"href":"https:\/\/www.best-dentist-dentistry.com\/de\/wp-json\/wp\/v2\/posts\/38112\/revisions"}],"wp:attachment":[{"href":"https:\/\/www.best-dentist-dentistry.com\/de\/wp-json\/wp\/v2\/media?parent=38112"}],"wp:term":[{"taxonomy":"category","embeddable":true,"href":"https:\/\/www.best-dentist-dentistry.com\/de\/wp-json\/wp\/v2\/categories?post=38112"},{"taxonomy":"post_tag","embeddable":true,"href":"https:\/\/www.best-dentist-dentistry.com\/de\/wp-json\/wp\/v2\/tags?post=38112"}],"curies":[{"name":"wp","href":"https:\/\/api.w.org\/{rel}","templated":true}]}}