{"id":38138,"date":"2013-07-27T02:45:52","date_gmt":"2013-07-27T02:45:52","guid":{"rendered":null},"modified":"-0001-11-30T00:00:00","modified_gmt":"-0001-11-30T00:00:00","slug":"the-colombian-vice-president-is-hospitalized-preventively","status":"publish","type":"post","link":"https:\/\/www.best-dentist-dentistry.com\/de\/the-colombian-vice-president-is-hospitalized-preventively\/38138","title":{"rendered":"Der kolumbianische Vice President ist pr\u00e4ventiv im Krankenhaus"},"content":{"rendered":"<p class=\"first\"> Bogota, 15 jun (EFE).-der kolumbianische Vizepr\u00e4sident Angelino Garzon, ist seit Donnerstag in Bogota hospitalisiert, &#8220;pr\u00e4ventiv&#8221; und daf\u00fcr &#8220;Routineuntersuchungen&#8221;, sagte sein Amt in einer Anweisung, die heute von der gleichen Senior unterzeichnet.<\/p>\n<p>&#8220;Der Vizepr\u00e4sident Angelino Garzon ber\u00e4t die \u00d6ffentlichkeit, das einst \u00fcbte ihre Routine bei den klinischen Pr\u00fcfungen von Reina Sofia aus Gesundheit Gr\u00fcnden ist im Krankenhaus von gestern und sehr wahrscheinlich werden es bis n\u00e4chsten Sonntag,&#8221; sagt den Text der beiden Abs\u00e4tze.<\/p>\n<p>F\u00fcgt hinzu, dass die Hospitalisierung und Tests bestanden &#8220;proaktiv und ohne das bisher warnen \u00c4rzte vor einige ernste Krankheit&#8221;.<\/p>\n<p>Garzon versprach, dass &#8220;er \u00fcber die Entwicklung der seine Genesung Berichten wird&#8221;.<\/p>\n<p>Hatte oben kolumbianische Beamte in ein Krankenhaus eingeliefert werden, am 9. August 2010, zwei Tage nach seinem Amtsantritt zusammen mit Pr\u00e4sident Juan Manuel Santos, Leiden ein Herzleiden, die hatte einer Unf\u00e4higkeit, f\u00fcr mehrere Wochen und seit dann regelm\u00e4\u00dfige Vorsorgeuntersuchungen unterzogen werden muss. EFE<\/p>\n","protected":false},"excerpt":{"rendered":"<p>Bogota, 15 jun (EFE).-der kolumbianische Vizepr\u00e4sident Angelino Garzon, ist seit Donnerstag in Bogota hospitalisiert, &#8220;pr\u00e4ventiv&#8221; und daf\u00fcr &#8220;Routineuntersuchungen&#8221;, sagte sein Amt in einer Anweisung, die heute von der gleichen Senior unterzeichnet. &#8220;Der Vizepr\u00e4sident Angelino Garzon ber\u00e4t die \u00d6ffentlichkeit, das einst \u00fcbte ihre Routine bei den klinischen Pr\u00fcfungen von Reina Sofia aus Gesundheit Gr\u00fcnden ist im [&hellip;]<\/p>\n","protected":false},"author":1,"featured_media":0,"comment_status":"close","ping_status":"open","sticky":false,"template":"","format":"standard","meta":{"footnotes":""},"categories":[3],"tags":[47106],"class_list":["post-38138","post","type-post","status-publish","format-standard","hentry","category-allgemeine","tag-jubilum-fahrrad","et-doesnt-have-format-content","et_post_format-et-post-format-standard"],"_links":{"self":[{"href":"https:\/\/www.best-dentist-dentistry.com\/de\/wp-json\/wp\/v2\/posts\/38138","targetHints":{"allow":["GET"]}}],"collection":[{"href":"https:\/\/www.best-dentist-dentistry.com\/de\/wp-json\/wp\/v2\/posts"}],"about":[{"href":"https:\/\/www.best-dentist-dentistry.com\/de\/wp-json\/wp\/v2\/types\/post"}],"author":[{"embeddable":true,"href":"https:\/\/www.best-dentist-dentistry.com\/de\/wp-json\/wp\/v2\/users\/1"}],"replies":[{"embeddable":true,"href":"https:\/\/www.best-dentist-dentistry.com\/de\/wp-json\/wp\/v2\/comments?post=38138"}],"version-history":[{"count":0,"href":"https:\/\/www.best-dentist-dentistry.com\/de\/wp-json\/wp\/v2\/posts\/38138\/revisions"}],"wp:attachment":[{"href":"https:\/\/www.best-dentist-dentistry.com\/de\/wp-json\/wp\/v2\/media?parent=38138"}],"wp:term":[{"taxonomy":"category","embeddable":true,"href":"https:\/\/www.best-dentist-dentistry.com\/de\/wp-json\/wp\/v2\/categories?post=38138"},{"taxonomy":"post_tag","embeddable":true,"href":"https:\/\/www.best-dentist-dentistry.com\/de\/wp-json\/wp\/v2\/tags?post=38138"}],"curies":[{"name":"wp","href":"https:\/\/api.w.org\/{rel}","templated":true}]}}