{"id":38183,"date":"2013-07-31T02:46:16","date_gmt":"2013-07-31T02:46:16","guid":{"rendered":null},"modified":"-0001-11-30T00:00:00","modified_gmt":"-0001-11-30T00:00:00","slug":"the-colombian-vice-president-is-hospitalized-in-intensive-care","status":"publish","type":"post","link":"https:\/\/www.best-dentist-dentistry.com\/de\/the-colombian-vice-president-is-hospitalized-in-intensive-care\/38183","title":{"rendered":"Der kolumbianische Vize Pr\u00e4sident ist auf der Intensivstation im Krankenhaus."},"content":{"rendered":"<p class=\"first\"> Bogota, 18 jun (EFE).-der kolumbianische Vizepr\u00e4sident Angelino Garzon, wurde aufgenommen auf der Intensivstation der klinischen Reina Sofia, in der n\u00f6rdlich von Bogot\u00e1, wo er inhaftiert seit letzten Donnerstag bleibt, sagte heute in seinem B\u00fcro.<\/p>\n<p>Eine kurze Darstellung der kolumbianischen Vize-Pr\u00e4sidentschaft gibt an, dass nachdem er ihre Pr\u00fcfungen, \u00c4rzte bestimmt, &#8220;die Notwendigkeit einer st\u00e4ndigen \u00dcberwachung&#8221; und &#8220;daher Krankenhaus auf der Intensivstation f\u00fcr diesen Zweck bleiben&#8221;.<\/p>\n<p>Dokument wird nicht detailliert was der Grund der Garzon verschoben auf die Intensivstation, war, obwohl lokale Medien sagen, dass es aufgrund von Herz-Kreislauf-Problemen sein kann.<\/p>\n<p>Am Sonntag, das Amt des Vizepr\u00e4sidenten sagte, dass Garzon hospitalisierten bis Dienstag bliebe &#8220;auf die medizinische Empfehlung und um Kontinuit\u00e4t zu der umfassenden Behandlung von Gesundheit zu geben, die ausgesetzt ist&#8221;.<\/p>\n<p>Nicht jedoch dagegen, war in der Intensivstation. Garzon war am vergangenen Donnerstag um routinem\u00e4\u00dfige medizinische Vorsorgeuntersuchungen zu unterziehen &#8220;pr\u00e4ventiv&#8221; intern.<\/p>\n<p>Oben kolumbianische Beamte hatte in ein Krankenhaus eingeliefert werden, am 9. August 2010, zwei Tage nach Einnahme als Vizepr\u00e4sident der Republik, leiden, eine Krankheit des Herzens, das war die Unf\u00e4higkeit, f\u00fcr mehrere Wochen und seit dann regelm\u00e4\u00dfige Vorsorgeuntersuchungen unterziehen muss.<\/p>\n<p>Kolumbien auch weiterhin die Entwicklung des Gesundheitszustands der B\u00fcrgermeister Bogot\u00e1s, Gustavo Petro, dem hoch Montag nach der Operation am Kopf gegeben hatte, um ihn von Blutgerinnseln abzuleiten.<\/p>\n<p>La Fundaci\u00f3n Santa Fe de Bogot\u00e1, wo Petro war im Krankenhaus, nicht angeben, wie lange der Herrscher deaktiviert wird.<\/p>\n<p>In das Bild eines Datensatzes der Vizepr\u00e4sident von Kolumbien, Angelino Garzon, wer aus einer Klinik in der kolumbianischen Hauptstadt auf der Intensivstation eingeliefert wurde. WireImage \/<\/p>\n","protected":false},"excerpt":{"rendered":"<p>Bogota, 18 jun (EFE).-der kolumbianische Vizepr\u00e4sident Angelino Garzon, wurde aufgenommen auf der Intensivstation der klinischen Reina Sofia, in der n\u00f6rdlich von Bogot\u00e1, wo er inhaftiert seit letzten Donnerstag bleibt, sagte heute in seinem B\u00fcro. Eine kurze Darstellung der kolumbianischen Vize-Pr\u00e4sidentschaft gibt an, dass nachdem er ihre Pr\u00fcfungen, \u00c4rzte bestimmt, &#8220;die Notwendigkeit einer st\u00e4ndigen \u00dcberwachung&#8221; und [&hellip;]<\/p>\n","protected":false},"author":1,"featured_media":0,"comment_status":"close","ping_status":"open","sticky":false,"template":"","format":"standard","meta":{"footnotes":""},"categories":[3],"tags":[47125,47126],"class_list":["post-38183","post","type-post","status-publish","format-standard","hentry","category-allgemeine","tag-heimatlndern","tag-kolumbianische-vize-prsident","et-doesnt-have-format-content","et_post_format-et-post-format-standard"],"_links":{"self":[{"href":"https:\/\/www.best-dentist-dentistry.com\/de\/wp-json\/wp\/v2\/posts\/38183","targetHints":{"allow":["GET"]}}],"collection":[{"href":"https:\/\/www.best-dentist-dentistry.com\/de\/wp-json\/wp\/v2\/posts"}],"about":[{"href":"https:\/\/www.best-dentist-dentistry.com\/de\/wp-json\/wp\/v2\/types\/post"}],"author":[{"embeddable":true,"href":"https:\/\/www.best-dentist-dentistry.com\/de\/wp-json\/wp\/v2\/users\/1"}],"replies":[{"embeddable":true,"href":"https:\/\/www.best-dentist-dentistry.com\/de\/wp-json\/wp\/v2\/comments?post=38183"}],"version-history":[{"count":0,"href":"https:\/\/www.best-dentist-dentistry.com\/de\/wp-json\/wp\/v2\/posts\/38183\/revisions"}],"wp:attachment":[{"href":"https:\/\/www.best-dentist-dentistry.com\/de\/wp-json\/wp\/v2\/media?parent=38183"}],"wp:term":[{"taxonomy":"category","embeddable":true,"href":"https:\/\/www.best-dentist-dentistry.com\/de\/wp-json\/wp\/v2\/categories?post=38183"},{"taxonomy":"post_tag","embeddable":true,"href":"https:\/\/www.best-dentist-dentistry.com\/de\/wp-json\/wp\/v2\/tags?post=38183"}],"curies":[{"name":"wp","href":"https:\/\/api.w.org\/{rel}","templated":true}]}}