{"id":38188,"date":"2013-07-31T02:46:51","date_gmt":"2013-07-31T02:46:51","guid":{"rendered":null},"modified":"-0001-11-30T00:00:00","modified_gmt":"-0001-11-30T00:00:00","slug":"the-colombian-vice-president-in-intensive-care-according-to-the-media","status":"publish","type":"post","link":"https:\/\/www.best-dentist-dentistry.com\/de\/the-colombian-vice-president-in-intensive-care-according-to-the-media\/38188","title":{"rendered":"Der kolumbianische Vizepr\u00e4sident auf der Intensivstation, den Medien zufolge"},"content":{"rendered":"<p class=\"first\"> Bogota, 18 jun (EFE).-der kolumbianische Vizepr\u00e4sident Angelino Garzon, hat gem\u00e4\u00df den lokalen Medien in der Intensivstation des klinischen K\u00f6nigin Sofia von Bogot\u00e1, wo er von letzten Donnerstag blieb, nachdem Sie einen R\u00fcckfall erlitten, im im Krankenhaus.<\/p>\n<p>Versionen, herausgegeben von den digitalen Seiten von Radio Caracol und RCN, sicherzustellen, dass Garz\u00f3n ein Cerebrocardiovascular Problem gelitten haben kann, so war es notwendig, seine Aufnahme in der Intensivstation im Krankenhaus erw\u00e4hnt.<\/p>\n<p>Dar\u00fcber hinaus die Mexiko-Stadt-Zeitung El Tiempo digitale Seite \u00c4rzte k\u00fcmmern sich um Garzon zur Vorbereitung eines Berichts sagt vorlegen, der kolumbianische Pr\u00e4sident Juan Manuel Santos, wer auf dem Gipfel der Gruppe der zwanzig ist (G20) in Los Cabos, Mexiko statt.<\/p>\n<p>Bis zu dem Zeitpunkt Vizepr\u00e4sident noch die Pr\u00e4sidentschaft haben Kommentare auf die Gesundheit der Garz\u00f3n angeboten.<\/p>\n<p>Am Sonntag, das Amt des Vizepr\u00e4sidenten sagte in einer Erkl\u00e4rung, dass Garzon hospitalisierten bis Dienstag &#8220;auf die medizinische Empfehlung und um Kontinuit\u00e4t zu der umfassenden Behandlung von Gesundheit zu geben, die ausgesetzt ist&#8221;.<\/p>\n<p>Bereits im Jahr 2010, die leitende Beamten der kolumbianischen musste am 9. August zwei Tage nachdem er sein Vizepr\u00e4sident der Republik, eine kardiale Erkrankung leiden Krankenhaus eingeliefert werden.<\/p>\n<p>Kolumbien auch weiterhin die Entwicklung des Gesundheitszustands der B\u00fcrgermeister Bogot\u00e1s, Gustavo Petro, dem hoch gegeben hatte, Montag nach der Operation am Kopf, die von Blutgerinnseln entw\u00e4ssert wurden.<\/p>\n<p>La Fundaci\u00f3n Santa Fe de Bogot\u00e1, wo Petro war im Krankenhaus, nicht angeben, wie lange der Herrscher deaktiviert wird.<\/p>\n","protected":false},"excerpt":{"rendered":"<p>Bogota, 18 jun (EFE).-der kolumbianische Vizepr\u00e4sident Angelino Garzon, hat gem\u00e4\u00df den lokalen Medien in der Intensivstation des klinischen K\u00f6nigin Sofia von Bogot\u00e1, wo er von letzten Donnerstag blieb, nachdem Sie einen R\u00fcckfall erlitten, im im Krankenhaus. Versionen, herausgegeben von den digitalen Seiten von Radio Caracol und RCN, sicherzustellen, dass Garz\u00f3n ein Cerebrocardiovascular Problem gelitten haben [&hellip;]<\/p>\n","protected":false},"author":1,"featured_media":0,"comment_status":"close","ping_status":"open","sticky":false,"template":"","format":"standard","meta":{"footnotes":""},"categories":[3],"tags":[47127],"class_list":["post-38188","post","type-post","status-publish","format-standard","hentry","category-allgemeine","tag-jungenuu","et-doesnt-have-format-content","et_post_format-et-post-format-standard"],"_links":{"self":[{"href":"https:\/\/www.best-dentist-dentistry.com\/de\/wp-json\/wp\/v2\/posts\/38188","targetHints":{"allow":["GET"]}}],"collection":[{"href":"https:\/\/www.best-dentist-dentistry.com\/de\/wp-json\/wp\/v2\/posts"}],"about":[{"href":"https:\/\/www.best-dentist-dentistry.com\/de\/wp-json\/wp\/v2\/types\/post"}],"author":[{"embeddable":true,"href":"https:\/\/www.best-dentist-dentistry.com\/de\/wp-json\/wp\/v2\/users\/1"}],"replies":[{"embeddable":true,"href":"https:\/\/www.best-dentist-dentistry.com\/de\/wp-json\/wp\/v2\/comments?post=38188"}],"version-history":[{"count":0,"href":"https:\/\/www.best-dentist-dentistry.com\/de\/wp-json\/wp\/v2\/posts\/38188\/revisions"}],"wp:attachment":[{"href":"https:\/\/www.best-dentist-dentistry.com\/de\/wp-json\/wp\/v2\/media?parent=38188"}],"wp:term":[{"taxonomy":"category","embeddable":true,"href":"https:\/\/www.best-dentist-dentistry.com\/de\/wp-json\/wp\/v2\/categories?post=38188"},{"taxonomy":"post_tag","embeddable":true,"href":"https:\/\/www.best-dentist-dentistry.com\/de\/wp-json\/wp\/v2\/tags?post=38188"}],"curies":[{"name":"wp","href":"https:\/\/api.w.org\/{rel}","templated":true}]}}