{"id":38193,"date":"2013-07-31T02:47:31","date_gmt":"2013-07-31T02:47:31","guid":{"rendered":null},"modified":"-0001-11-30T00:00:00","modified_gmt":"-0001-11-30T00:00:00","slug":"balearic-pharmaceuticals-announce-that-they-will-be-charged-the-full-amount-of-the-prescription-after-accumulating-a-debt-of-84-million","status":"publish","type":"post","link":"https:\/\/www.best-dentist-dentistry.com\/de\/balearic-pharmaceuticals-announce-that-they-will-be-charged-the-full-amount-of-the-prescription-after-accumulating-a-debt-of-84-million\/38193","title":{"rendered":"Balearen Pharma bekannt geben, dass sie den vollen Betrag der Verschreibung nach Anh\u00e4ufung von Schulden von 84 Millionen berechnet wird"},"content":{"rendered":"<p class=\"first\"> an der n\u00e4chsten Versammlung beschlie\u00dfen, dem Beginn der Anwendung dieser Ma\u00dfnahme<\/p>\n<p>PALMA DE Mallorca, 20 (EUROPA PRESS)-<\/p>\n<p>Apotheker der Balearen haben ihre Absicht nicht, Finanzen Drogenkonsumenten, angek\u00fcndigt, so dass sie 100 Prozent der Verschreibung, als Antwort auf den Mangel an Datum sollen auf Zahlung von der regionalen Verwaltung der Schulden in H\u00f6he von rund 84 Millionen Euro zahlen.<\/p>\n<p>, Vom College der Apotheker der Balearen haben in einer Anweisung, die seit der Regierung gesagt die Unf\u00e4higkeit zu best\u00e4tigen, wenn m\u00f6glich, werden effektive Rezepte des Monats April Social Security Payment-, die bereits durchgef\u00fchrt worden war von den B\u00fcros des Apotheke &#8211; versichert und sie haben daran erinnert worden, dass solche Zahlungen sollten am 20 vorgenommen wurden und dass es bereits zweimal verschoben wurde.<\/p>\n<p>In diesem Zusammenhang haben zeichneten sich aus diesen Mittwoch zu den Schulden, die Sie m\u00fcssen hinzuf\u00fcgen, die Abrechnung der Rezepte des Monats Mai, die dazu f\u00fchrt, dass die Schulden 83.997.475,95 Euro, dass &#8220;es vollst\u00e4ndig von der Balearen-Apotheker durch Darlehen angenommen hat&#8221; und das, wie ich habe erkl\u00e4rt, die Regierung &#8220;bereits hat erweiterte sie die Interesse wird nicht bezahlen&#8221;.<\/p>\n<p>, &#8220;Diese Situation kritisch und nicht nachhaltig&#8221;, das Kollektiv weist darauf aus, die nicht &#8220;weiterhin mehr&#8221; und warnen davor, dass es f\u00fchren kann &#8220;zu einer Verknappung von Arzneimitteln&#8221;, seit Apotheker &rsquo; nicht k\u00f6nnen weiterhin Finanzierung mehr Arzneimittel der B\u00fcrgerinnen und B\u00fcrger der Balearen &#8220;.<\/p>\n<p>, Haben daf\u00fcr gesorgt, dass &#8220;nach alles M\u00f6gliche getan&#8221; um pharmazeutische Lieferung zu gew\u00e4hrleisten, &#8220;Apotheken nicht in der Lage sind, weiter mit der Finanzierung von Drogen&#8221; und sie, dass gezeigt haben &#8220;der B\u00fcrger muss zahlen 100 % der Verschreibung des SNS, dann die Verwaltung f\u00fcr die Erstattung des Prozentsatzes an, dass Sie&#8221;.<\/p>\n<p>In diesem Zusammenhang betont, dass eine solche Ma\u00dfnahme die Nutznie\u00dfer der Selbsthilfeeinrichtungen, Isfas, Muface und Mugeju nicht beeintr\u00e4chtigt, da habe ich erkl\u00e4rt, &#8220;sie \u00fcbernehmen seine Verpflichtungen p\u00fcnktlich&#8221;.<\/p>\n<p>&#8220;Droht der pharmazeutischen Versorgung&#8221;<\/p>\n<p>Auch darauf hingewiesen, dass der n\u00e4chsten Generalversammlung &#8220;die Formel dieser Ma\u00dfnahme angewendet&#8221; werden und &#8220;ein Ende der Nichteinhaltung&#8221; und &#8220;ist sehr diesem kritischen Situation&#8221; erwarten.<\/p>\n<p>&#8220;Die Apotheker haben verantwortungsvoll gehandelt und Vernunft in den schweren Momenten, aber jetzt, mit dem Mangel an Verantwortung der Verwaltung setzt sich in Gefahr der pharmazeutischen Bestimmung in unserer Community und die Pflege und Service, die Apotheken ihren Benutzern anbieten&#8221;, erkl\u00e4rt haben.<\/p>\n<p>In diesem Zusammenhang die Gruppe hat bekr\u00e4ftigt, mit den B\u00fcrgern der Balearen, &#8220;welches ist weder mehr noch weniger als ihr Recht auf die pharmazeutische Versorgung sicherzustellen&#8221;. Warum haben Sie den Schaden &#8220;tief&#8221; bereut, die diese Situation &#8220;weltvergessen zu den kollektiven Apotheker kann dazu f\u00fchren, dass unter den B\u00fcrgern von unseren Inseln&#8221;.<\/p>\n<p> )<\/p>\n","protected":false},"excerpt":{"rendered":"<p>an der n\u00e4chsten Versammlung beschlie\u00dfen, dem Beginn der Anwendung dieser Ma\u00dfnahme PALMA DE Mallorca, 20 (EUROPA PRESS)- Apotheker der Balearen haben ihre Absicht nicht, Finanzen Drogenkonsumenten, angek\u00fcndigt, so dass sie 100 Prozent der Verschreibung, als Antwort auf den Mangel an Datum sollen auf Zahlung von der regionalen Verwaltung der Schulden in H\u00f6he von rund 84 [&hellip;]<\/p>\n","protected":false},"author":1,"featured_media":0,"comment_status":"close","ping_status":"open","sticky":false,"template":"","format":"standard","meta":{"footnotes":""},"categories":[3],"tags":[47127],"class_list":["post-38193","post","type-post","status-publish","format-standard","hentry","category-allgemeine","tag-jungenuu","et-doesnt-have-format-content","et_post_format-et-post-format-standard"],"_links":{"self":[{"href":"https:\/\/www.best-dentist-dentistry.com\/de\/wp-json\/wp\/v2\/posts\/38193","targetHints":{"allow":["GET"]}}],"collection":[{"href":"https:\/\/www.best-dentist-dentistry.com\/de\/wp-json\/wp\/v2\/posts"}],"about":[{"href":"https:\/\/www.best-dentist-dentistry.com\/de\/wp-json\/wp\/v2\/types\/post"}],"author":[{"embeddable":true,"href":"https:\/\/www.best-dentist-dentistry.com\/de\/wp-json\/wp\/v2\/users\/1"}],"replies":[{"embeddable":true,"href":"https:\/\/www.best-dentist-dentistry.com\/de\/wp-json\/wp\/v2\/comments?post=38193"}],"version-history":[{"count":0,"href":"https:\/\/www.best-dentist-dentistry.com\/de\/wp-json\/wp\/v2\/posts\/38193\/revisions"}],"wp:attachment":[{"href":"https:\/\/www.best-dentist-dentistry.com\/de\/wp-json\/wp\/v2\/media?parent=38193"}],"wp:term":[{"taxonomy":"category","embeddable":true,"href":"https:\/\/www.best-dentist-dentistry.com\/de\/wp-json\/wp\/v2\/categories?post=38193"},{"taxonomy":"post_tag","embeddable":true,"href":"https:\/\/www.best-dentist-dentistry.com\/de\/wp-json\/wp\/v2\/tags?post=38193"}],"curies":[{"name":"wp","href":"https:\/\/api.w.org\/{rel}","templated":true}]}}