{"id":38342,"date":"2013-08-21T02:22:20","date_gmt":"2013-08-21T02:22:20","guid":{"rendered":null},"modified":"-0001-11-30T00:00:00","modified_gmt":"-0001-11-30T00:00:00","slug":"ciu-asks-the-government-measures-being-taken-against-anorexia-and-bulimia-on-the-internet-and-media","status":"publish","type":"post","link":"https:\/\/www.best-dentist-dentistry.com\/de\/ciu-asks-the-government-measures-being-taken-against-anorexia-and-bulimia-on-the-internet-and-media\/38342","title":{"rendered":"CiU bittet die Regierung Ma\u00dfnahmen gegen Anorexie und Bulimie im Internet und Medien"},"content":{"rendered":"<p class=\"first\"> MADRID, 18 (EUROPA PRESS)<\/p>\n<p>Die Fraktion Konvergenz und Union (CiU) hat eine Reihe von Fragen auf dem Kongress, wo die Regierung aufgefordert, Ma\u00dfnahmen zu erkl\u00e4ren, die gegen Anorexie und Bulimie, in Bereichen wie soziale Netzwerke und Medien stattfinden wird, registriert<\/p>\n<p>The Deputy Carles Campuzano ich Canades, hat vier schriftliche Anfragen, die durch Reuters, registriert in denen Anforderungen an die Ma\u00dfnahmen, die beabsichtigen, zur &#8220;Verh\u00fctung und Bek\u00e4mpfung wie Anorexie und Bulimie Essst\u00f6rungen&#8221; festgelegt, und, insbesondere im Bereich der Mode, vor allem &#8220;Gr\u00f6\u00dfen der Kleidung betreffend&#8221;; im Bereich der sozialen Netzwerke und das Internet; undSchlie\u00dflich in den Kommunikationsmedien.<\/p>\n<p>Zum gleichen Thema Campuzano ich Canades erwartet, dass die zentrale Exekutive zu reagieren, wie es der Vorschlag einen Gesetzentwurf zur Bek\u00e4mpfung Essst\u00f6rungen (161\/002234), genehmigt vom Ausschuss f\u00fcr Gesundheit, Sozialpolitik und Verbrauch der vergangenen Legislaturperiode auf seiner Tagung am 25. Mai 2011 eingehalten werden.<\/p>\n<p>Auf der anderen Seite Mar\u00eda Concepci\u00f3 Tarruella Tom\u00e0s auch der CiU stellvertretender fordert die Regierung f\u00fcr die Ma\u00dfnahmen, die sie ergreifen, um die Bewegung infolge Interpellation seiner Fraktion, genehmigt am 16. M\u00e4rz 2010 im Kongress, um eine bessere Lebensqualit\u00e4t und Zugang zur Behandlung von seltenen Krankheiten betroffenen gleich zu f\u00f6rdern entsprechen will.<\/p>\n","protected":false},"excerpt":{"rendered":"<p>MADRID, 18 (EUROPA PRESS) Die Fraktion Konvergenz und Union (CiU) hat eine Reihe von Fragen auf dem Kongress, wo die Regierung aufgefordert, Ma\u00dfnahmen zu erkl\u00e4ren, die gegen Anorexie und Bulimie, in Bereichen wie soziale Netzwerke und Medien stattfinden wird, registriert The Deputy Carles Campuzano ich Canades, hat vier schriftliche Anfragen, die durch Reuters, registriert in [&hellip;]<\/p>\n","protected":false},"author":1,"featured_media":0,"comment_status":"close","ping_status":"open","sticky":false,"template":"","format":"standard","meta":{"footnotes":""},"categories":[3],"tags":[47159],"class_list":["post-38342","post","type-post","status-publish","format-standard","hentry","category-allgemeine","tag-offerte","et-doesnt-have-format-content","et_post_format-et-post-format-standard"],"_links":{"self":[{"href":"https:\/\/www.best-dentist-dentistry.com\/de\/wp-json\/wp\/v2\/posts\/38342","targetHints":{"allow":["GET"]}}],"collection":[{"href":"https:\/\/www.best-dentist-dentistry.com\/de\/wp-json\/wp\/v2\/posts"}],"about":[{"href":"https:\/\/www.best-dentist-dentistry.com\/de\/wp-json\/wp\/v2\/types\/post"}],"author":[{"embeddable":true,"href":"https:\/\/www.best-dentist-dentistry.com\/de\/wp-json\/wp\/v2\/users\/1"}],"replies":[{"embeddable":true,"href":"https:\/\/www.best-dentist-dentistry.com\/de\/wp-json\/wp\/v2\/comments?post=38342"}],"version-history":[{"count":0,"href":"https:\/\/www.best-dentist-dentistry.com\/de\/wp-json\/wp\/v2\/posts\/38342\/revisions"}],"wp:attachment":[{"href":"https:\/\/www.best-dentist-dentistry.com\/de\/wp-json\/wp\/v2\/media?parent=38342"}],"wp:term":[{"taxonomy":"category","embeddable":true,"href":"https:\/\/www.best-dentist-dentistry.com\/de\/wp-json\/wp\/v2\/categories?post=38342"},{"taxonomy":"post_tag","embeddable":true,"href":"https:\/\/www.best-dentist-dentistry.com\/de\/wp-json\/wp\/v2\/tags?post=38342"}],"curies":[{"name":"wp","href":"https:\/\/api.w.org\/{rel}","templated":true}]}}