{"id":38361,"date":"2013-08-21T02:25:10","date_gmt":"2013-08-21T02:25:10","guid":{"rendered":null},"modified":"-0001-11-30T00:00:00","modified_gmt":"-0001-11-30T00:00:00","slug":"venezuelas-chavez-will-return-to-cuba-for-radiotherapy","status":"publish","type":"post","link":"https:\/\/www.best-dentist-dentistry.com\/de\/venezuelas-chavez-will-return-to-cuba-for-radiotherapy\/38361","title":{"rendered":"Venezuelas Chavez kehrt nach Kuba f\u00fcr Strahlentherapie"},"content":{"rendered":"<p class=\"first\"> CARACAS (Reuters) &#8211; der Pr\u00e4sident von Venezuela, Hugo Ch\u00e1vez, sagte am Samstag, die in den n\u00e4chsten Stunden nach Kuba, um Sonntag starten zur\u00fcckgeben wird eine Behandlung der Strahlentherapie f\u00fcr bis zu f\u00fcnf Wochen gegen den Krebs, die leidet und das hinterlie\u00df ihm Genesung f\u00fcr die Pr\u00e4sidentschaftswahlen von Oktober, die ein neues Mandat bem\u00fchen wird.<\/p>\n<p>Behandlung, die milit\u00e4rischen ehemaliger 57 Jahre alten Antrag, w\u00fcrde Sie zwingen, sich das Tempo seiner st\u00e4ndigen \u00f6ffentlichen Auftritte und Marathon reden in Momenten, in denen verst\u00e4rkt des Wahlkampfs f\u00fcr die Wahlen, die als besonders hei\u00df empfunden werden bestritten, was zu tun hatte.<\/p>\n<p>&#8220;heute Abend gehen nach Havanna. Ich entschied mich f\u00fcr die Empfehlung von meinem \u00c4rzteteam und meine politischen Team morgen Sonntag beginnen die Strahlentherapie-Behandlung &#8220;, sagte Chavez w\u00e4hrend eines Ministerrates in Funk und Fernsehen.<\/p>\n<p>&#8220;Monat des Vorgangs sind bereit f\u00fcr die Strahlentherapie, die dauert etwa vier bis f\u00fcnf Wochen, sondern startet morgen in Havanna&#8221;, sagte der Leiter der staatlichen.<\/p>\n<p>Am Ende Februar, Chavez reiste nach Kuba und wurde eine neue Operation, die wurde entfernt ein Krebsgeschw\u00fcr im Beckenbereich, die bereits f\u00fcr Krebs behandelt worden war.<\/p>\n<p>(Zusatzbericht Diego Erz; Herausgegeben von Patricio Abusleme)<\/p>\n","protected":false},"excerpt":{"rendered":"<p>CARACAS (Reuters) &#8211; der Pr\u00e4sident von Venezuela, Hugo Ch\u00e1vez, sagte am Samstag, die in den n\u00e4chsten Stunden nach Kuba, um Sonntag starten zur\u00fcckgeben wird eine Behandlung der Strahlentherapie f\u00fcr bis zu f\u00fcnf Wochen gegen den Krebs, die leidet und das hinterlie\u00df ihm Genesung f\u00fcr die Pr\u00e4sidentschaftswahlen von Oktober, die ein neues Mandat bem\u00fchen wird. Behandlung, [&hellip;]<\/p>\n","protected":false},"author":1,"featured_media":0,"comment_status":"close","ping_status":"open","sticky":false,"template":"","format":"standard","meta":{"footnotes":""},"categories":[3],"tags":[47160],"class_list":["post-38361","post","type-post","status-publish","format-standard","hentry","category-allgemeine","tag-uruguayer","et-doesnt-have-format-content","et_post_format-et-post-format-standard"],"_links":{"self":[{"href":"https:\/\/www.best-dentist-dentistry.com\/de\/wp-json\/wp\/v2\/posts\/38361","targetHints":{"allow":["GET"]}}],"collection":[{"href":"https:\/\/www.best-dentist-dentistry.com\/de\/wp-json\/wp\/v2\/posts"}],"about":[{"href":"https:\/\/www.best-dentist-dentistry.com\/de\/wp-json\/wp\/v2\/types\/post"}],"author":[{"embeddable":true,"href":"https:\/\/www.best-dentist-dentistry.com\/de\/wp-json\/wp\/v2\/users\/1"}],"replies":[{"embeddable":true,"href":"https:\/\/www.best-dentist-dentistry.com\/de\/wp-json\/wp\/v2\/comments?post=38361"}],"version-history":[{"count":0,"href":"https:\/\/www.best-dentist-dentistry.com\/de\/wp-json\/wp\/v2\/posts\/38361\/revisions"}],"wp:attachment":[{"href":"https:\/\/www.best-dentist-dentistry.com\/de\/wp-json\/wp\/v2\/media?parent=38361"}],"wp:term":[{"taxonomy":"category","embeddable":true,"href":"https:\/\/www.best-dentist-dentistry.com\/de\/wp-json\/wp\/v2\/categories?post=38361"},{"taxonomy":"post_tag","embeddable":true,"href":"https:\/\/www.best-dentist-dentistry.com\/de\/wp-json\/wp\/v2\/tags?post=38361"}],"curies":[{"name":"wp","href":"https:\/\/api.w.org\/{rel}","templated":true}]}}