{"id":38375,"date":"2013-08-21T02:26:50","date_gmt":"2013-08-21T02:26:50","guid":{"rendered":null},"modified":"-0001-11-30T00:00:00","modified_gmt":"-0001-11-30T00:00:00","slug":"questionable-death-of-a-patient-in-hospital-again-triggered-alarms-in-uruguay","status":"publish","type":"post","link":"https:\/\/www.best-dentist-dentistry.com\/de\/questionable-death-of-a-patient-in-hospital-again-triggered-alarms-in-uruguay\/38375","title":{"rendered":"Fragw\u00fcrdige Tod eines Patienten im Krankenhaus wieder ausgel\u00f6sten Alarmen in Uruguay"},"content":{"rendered":"<p class=\"first\"> Montevideo, 28 M\u00e4r (EFE).-die Verhaftung heute eine Krankenschwester und ein Arzt \u00fcber den &#8220;zweifelhaften&#8221; Tod in einem Krankenhaus eines 99 j\u00e4hrigen Patienten wieder die Alarme in Uruguay schoss nur zehn Tage nach der Verarbeitung von zwei Krankenschwestern f\u00fcr den Mord an 15 Patienten auf Intensivstationen.<\/p>\n<p>Haft, die in der Stadt K\u00f6ln, befindet sich etwa 180 Kilometer westlich von Montevideo stattfand kam, nachdem Polizei eine von Verwandten des angeblichen Opfers, eine 99 Jahre alte Frau Beschwerde und war im Staat Terminal, durch die &#8220;zweifelhaft&#8221; von seinen Umst\u00e4nden Tod berichtet EfE offiziellen Quellen.<\/p>\n<p>Im Laufe des Tages folgen die Angaben f\u00fcr den Fall, und es wird auch spekuliert \u00fcber die M\u00f6glichkeit, da\u00df es eine Forschung tun hatten mit einer gr\u00f6\u00dferen Anzahl von Todesf\u00e4llen und Anzahl der Gefangenen mehr.<\/p>\n<p>Jedoch wie der Direktor der Gesundheit in der Abteilung der Colonia Jorge Mota EfE, berichtet nur zwei Frauen, die von diesem Fall zahlen die Aussage vor Gericht, und das ist ausschlie\u00dflich eine Beschwerde festgenommen bezogen, dieser Tod, dem Anfang des marschieren aufgetreten ist<\/p>\n<p>Polizei beide Quellen als verantwortlich f\u00fcr die Gesundheit der Abteilung auch vollst\u00e4ndig verworfen Verkn\u00fcpfung dieses Ereignis mit den begangenen von Krankenschwestern in zwei Krankenh\u00e4usern in Montevideo.<\/p>\n<p>Mota sagte, dass die Beschwerde gegen die zwei Beamten der Gesundheit direkt durch die Polizei verarbeitet wird und die die Gesundheitsbeh\u00f6rden keine Kenntnis davon bis die Verhaftung der Frauen, eine Praxis, die Frucht der sozialen Spannungen verursacht durch den Fall der Krankenschwestern war.<\/p>\n<p>&#8220;von Montevideo entkam keiner Regel. Es gibt Straftaten als bekennender ehemalige Tod, der nicht die selbe ist, wie ein Fehlverhalten oder die ungeschriebenen Situation, die in allen Teilen der Welt, auftritt, das ist, wenn nennt keine unheilbar kranke wiederbeleben. In diesem Fall noch kann eine dieser Optionen oder sogar absolute Unschuld, &#8220;sagte Mota.<\/p>\n<p>In die gleiche Richtung waren verantwortlich f\u00fcr den Bereich der organisierten Kriminalit\u00e4t und das Ministerium f\u00fcr Inneres, die lieber kein Pr\u00fcfungsurteil \u00fcber die angebliche Verantwortung der Gefangenen in diesem letzten Narren mit dem Argument &#8220;nicht attributierten Todesf\u00e4lle auf einen m\u00f6rderischen Akt&#8221; und das &#8220;Alter&#8221; das Opfer &#8220;ist auch wichtig&#8221;.<\/p>\n<p>Verantwortlich f\u00fcr die medizinische Gewerkschaft von Uruguay (SMU) ging noch weiter und in einer dringend genannt Pressekonferenz zur\u00fcckgewiesen, dass die beiden Frauen werden wegen Mordes untersucht und wies auf einen Fall &#8220;von Fehlverhalten mit Bezug zur Betreuung unheilbar kranker Patienten&#8221;.<\/p>\n<p>W\u00e4hrend dies in K\u00f6ln, der spanischen Vereinigung der Benutzer geschah, das Krankenhaus, wo die Krankenschwester Ariel Acevedo gestanden, get\u00f6tet mindestens zehn Patienten, berichtet auf einer Pressekonferenz in Montevideo, die anderen vier Beschwerden von &#8220;unregelm\u00e4\u00dfige Todesf\u00e4lle&#8221; aufgetreten in den Hallen der intensiven medizinischen Einrichtung Betreuung.<\/p>\n<p>Wie er die Organisation sagte, diese Vorw\u00fcrfe kommen von Verwandten von verstorbenen zwischen Januar und M\u00e4rz an Orten wo sie nicht Acevedo arbeitete.<\/p>\n<p>Diese Vorw\u00fcrfe m\u00fcssen sie der fast 500 andere uruguayischer Benutzer der Gesundheit Organisationen gesammelt haben, da der Fall bei unregelm\u00e4\u00dfigen Todesf\u00e4llen in Krankenh\u00e4usern, \u00f6ffentlichen und privaten im Land sprang hinzuf\u00fcgen.<\/p>\n<p>Acevedo, 46 Jahre alt, und Pereira, 39 Jahre alt, letzter Tag 18 nach haben gestanden, mehrere T\u00f6tungen von Patienten auf Intensivstationen verarbeitet wurden.<\/p>\n<p>Das erste Verbrechen begangen, durch die Injektion von Luft in eine Vene um den Opfern in der spanischen Vereinigung und die zweiten mit Drogen wie Morphin, Phenergan oder Dormincum, im Krankenhaus Maciel auch der uruguayischen Hauptstadt.<\/p>\n<p>Sowohl die Morde aus &#8220;humanit\u00e4ren Gr\u00fcnden&#8221; gerechtfertigt, aber der Richter, der ihnen, Rolando Vomero, angeklagt entschied, dass die Verbrechen &#8220;Handy fromm&#8221;.<\/p>\n<p>Der uruguayischen Strafgesetzbuch legt als eine Verteidigung der Schuld in einem Mordfall, dass sein Autor hat eine &#8220;ehrenvolle Geschichte&#8221; und &#8220;wiederholte Appelle des Opfers&#8221; bis zum Ende seines Lebens. EFE<\/p>\n<p>Amr\/Lnm<\/p>\n","protected":false},"excerpt":{"rendered":"<p>Montevideo, 28 M\u00e4r (EFE).-die Verhaftung heute eine Krankenschwester und ein Arzt \u00fcber den &#8220;zweifelhaften&#8221; Tod in einem Krankenhaus eines 99 j\u00e4hrigen Patienten wieder die Alarme in Uruguay schoss nur zehn Tage nach der Verarbeitung von zwei Krankenschwestern f\u00fcr den Mord an 15 Patienten auf Intensivstationen. Haft, die in der Stadt K\u00f6ln, befindet sich etwa 180 [&hellip;]<\/p>\n","protected":false},"author":1,"featured_media":0,"comment_status":"close","ping_status":"open","sticky":false,"template":"","format":"standard","meta":{"footnotes":""},"categories":[3],"tags":[47165,47164,47163],"class_list":["post-38375","post","type-post","status-publish","format-standard","hentry","category-allgemeine","tag-alarmen","tag-ausgelsten","tag-zustandsberwachung","et-doesnt-have-format-content","et_post_format-et-post-format-standard"],"_links":{"self":[{"href":"https:\/\/www.best-dentist-dentistry.com\/de\/wp-json\/wp\/v2\/posts\/38375","targetHints":{"allow":["GET"]}}],"collection":[{"href":"https:\/\/www.best-dentist-dentistry.com\/de\/wp-json\/wp\/v2\/posts"}],"about":[{"href":"https:\/\/www.best-dentist-dentistry.com\/de\/wp-json\/wp\/v2\/types\/post"}],"author":[{"embeddable":true,"href":"https:\/\/www.best-dentist-dentistry.com\/de\/wp-json\/wp\/v2\/users\/1"}],"replies":[{"embeddable":true,"href":"https:\/\/www.best-dentist-dentistry.com\/de\/wp-json\/wp\/v2\/comments?post=38375"}],"version-history":[{"count":0,"href":"https:\/\/www.best-dentist-dentistry.com\/de\/wp-json\/wp\/v2\/posts\/38375\/revisions"}],"wp:attachment":[{"href":"https:\/\/www.best-dentist-dentistry.com\/de\/wp-json\/wp\/v2\/media?parent=38375"}],"wp:term":[{"taxonomy":"category","embeddable":true,"href":"https:\/\/www.best-dentist-dentistry.com\/de\/wp-json\/wp\/v2\/categories?post=38375"},{"taxonomy":"post_tag","embeddable":true,"href":"https:\/\/www.best-dentist-dentistry.com\/de\/wp-json\/wp\/v2\/tags?post=38375"}],"curies":[{"name":"wp","href":"https:\/\/api.w.org\/{rel}","templated":true}]}}