{"id":38385,"date":"2013-08-21T02:28:15","date_gmt":"2013-08-21T02:28:15","guid":{"rendered":null},"modified":"-0001-11-30T00:00:00","modified_gmt":"-0001-11-30T00:00:00","slug":"three-ministers-and-the-attorney-general-of-the-state-will-meet-with-associations-of-stolen-children","status":"publish","type":"post","link":"https:\/\/www.best-dentist-dentistry.com\/de\/three-ministers-and-the-attorney-general-of-the-state-will-meet-with-associations-of-stolen-children\/38385","title":{"rendered":"Drei Minister und den Attorney General des Staates wird mit den Verb\u00e4nden der gestohlene Kinder treffen."},"content":{"rendered":"<p class=\"first\"> <span class=\"yshortcuts\" id=\"lw_1333366600_0\"> Madrid<\/span>, 2 <span class=\"yshortcuts\" id=\"lw_1333366600_1\"> APR<\/span> (<span class=\"yshortcuts\" id=\"lw_1333366600_2\"> EFE<\/span>).-der <span class=\"yshortcuts\" id=\"lw_1333366600_3\"> Minister<\/span> f\u00fcr Inneres, Justiz und <span class=\"yshortcuts\" id=\"lw_1333366600_4\"> Gesundheit<\/span>, <span class=\"yshortcuts\" id=\"lw_1333366600_5\"> Jorge Fern\u00e1ndez<\/span>, <span class=\"yshortcuts\" id=\"lw_1333366600_6\"> Alberto Ruiz-Gallard\u00f3n<\/span> und <span class=\"yshortcuts\" id=\"lw_1333366600_7\"> Ana Mato<\/span>, beziehungsweise, sowie den Zustand <span class=\"yshortcuts\" id=\"lw_1333366600_8\"> Attorney General<\/span>, Eduardo Torres-Dulce, Treffen mit den Verb\u00e4nden der betroffenen die Ursache f\u00fcr die &#8220;gestohlenen Kinder&#8221; am 12.<\/p>\n<p>Haben damit best\u00e4tigt, was EfE-Quellen der Gerechtigkeit, der feststellte, dass dieses Treffen der &#8220;High-Level&#8221; reagiert auf das Engagement des Vorstands mit den betroffenen von dieser Sache, die will zeigen ihre Bereitschaft, ihnen zuzuh\u00f6ren und ihnen zu helfen.<\/p>\n<p>Die Sitzung, die in den Palast von Parcent, Sitz des Justizministeriums, stattfinden wird ist die zweite h\u00e4lt die Regierung mit den Verb\u00e4nden, seit der Vergangenheit 10 Februar der Secretary Of State for Justice, Fernando Rom\u00e1n, bereits eine erste Kontaktaufnahme mit ihnen hielt.<\/p>\n<p>Gallardon versichert die Vergangenheit 6. M\u00e4rz im Senat, die &#8220;absolute Priorit\u00e4t&#8221; f\u00fcr den Fall der &#8220;gestohlenen Kinder&#8221; gegeben hat, weil er sagte, &#8220;kollidiert frontal&#8221; mit dem Modell der Gesellschaft, die die Exekutive, zur Zeit verteidigt, die Flucht keine Verantwortung ausgeschlossen.<\/p>\n<p>Der Minister hat auch betont, dass es in Kontakt mit dem Ministerium des Innern gewesen, so dass die Sicherheitskr\u00e4fte untersuchen, seit die Tatsache, die die Gerichte sagen wenn Straftaten oder nicht vorgeschrieben sind, bedeutet nicht, dass sie die polizeilichen Ermittlungen &#8220;in Bezug auf die Suche nach objektiven Wahrheit&#8221; durchf\u00fchren.<\/p>\n<p>Sagte, dass die Justiz arbeiten mit der spanischen Agentur des Schutzes der Daten bereits begonnen hat, werden ausgestellt &#8220;so kurz wie m\u00f6glich&#8221; einen technischen Bericht \u00fcber die rechtlichen M\u00f6glichkeiten des Zugriffs auf die Dateien f\u00fcr die Suche nach der &#8220;gestohlenen Kinder&#8221; lernen.<\/p>\n<p>Auch betont, dass diese Arbeitsgruppe in das Ministerium f\u00fcr Gesundheit, soziale Dienste und Gleichheit &#8220;um eine weitere M\u00f6glichkeit der Zusammenarbeit gegeben Beteiligung leistungsm\u00e4\u00dfig in Kliniken und Krankenh\u00e4usern zu \u00f6ffnen&#8221; integrieren w\u00fcrde.<\/p>\n<p>An das B\u00fcro des Generalstaatsanwalts-verlangt eine Machbarkeitsanalyse \u00fcber die Gefahr, dass es eine allgemeine Aussage, die Festlegung der Leitlinien des Handelns in allen F\u00e4llen zu provinziell Staatsanw\u00e4lte geleitet wird.<\/p>\n","protected":false},"excerpt":{"rendered":"<p>Madrid, 2 APR ( EFE).-der Minister f\u00fcr Inneres, Justiz und Gesundheit, Jorge Fern\u00e1ndez, Alberto Ruiz-Gallard\u00f3n und Ana Mato, beziehungsweise, sowie den Zustand Attorney General, Eduardo Torres-Dulce, Treffen mit den Verb\u00e4nden der betroffenen die Ursache f\u00fcr die &#8220;gestohlenen Kinder&#8221; am 12. Haben damit best\u00e4tigt, was EfE-Quellen der Gerechtigkeit, der feststellte, dass dieses Treffen der &#8220;High-Level&#8221; reagiert [&hellip;]<\/p>\n","protected":false},"author":1,"featured_media":0,"comment_status":"close","ping_status":"open","sticky":false,"template":"","format":"standard","meta":{"footnotes":""},"categories":[3],"tags":[47167],"class_list":["post-38385","post","type-post","status-publish","format-standard","hentry","category-allgemeine","tag-angiogenese-mechanismus","et-doesnt-have-format-content","et_post_format-et-post-format-standard"],"_links":{"self":[{"href":"https:\/\/www.best-dentist-dentistry.com\/de\/wp-json\/wp\/v2\/posts\/38385","targetHints":{"allow":["GET"]}}],"collection":[{"href":"https:\/\/www.best-dentist-dentistry.com\/de\/wp-json\/wp\/v2\/posts"}],"about":[{"href":"https:\/\/www.best-dentist-dentistry.com\/de\/wp-json\/wp\/v2\/types\/post"}],"author":[{"embeddable":true,"href":"https:\/\/www.best-dentist-dentistry.com\/de\/wp-json\/wp\/v2\/users\/1"}],"replies":[{"embeddable":true,"href":"https:\/\/www.best-dentist-dentistry.com\/de\/wp-json\/wp\/v2\/comments?post=38385"}],"version-history":[{"count":0,"href":"https:\/\/www.best-dentist-dentistry.com\/de\/wp-json\/wp\/v2\/posts\/38385\/revisions"}],"wp:attachment":[{"href":"https:\/\/www.best-dentist-dentistry.com\/de\/wp-json\/wp\/v2\/media?parent=38385"}],"wp:term":[{"taxonomy":"category","embeddable":true,"href":"https:\/\/www.best-dentist-dentistry.com\/de\/wp-json\/wp\/v2\/categories?post=38385"},{"taxonomy":"post_tag","embeddable":true,"href":"https:\/\/www.best-dentist-dentistry.com\/de\/wp-json\/wp\/v2\/tags?post=38385"}],"curies":[{"name":"wp","href":"https:\/\/api.w.org\/{rel}","templated":true}]}}