{"id":38396,"date":"2013-08-21T02:30:25","date_gmt":"2013-08-21T02:30:25","guid":{"rendered":null},"modified":"-0001-11-30T00:00:00","modified_gmt":"-0001-11-30T00:00:00","slug":"experts-see-no-necessary-drugs-to-deal-with-spring-asthenia","status":"publish","type":"post","link":"https:\/\/www.best-dentist-dentistry.com\/de\/experts-see-no-necessary-drugs-to-deal-with-spring-asthenia\/38396","title":{"rendered":"Experten sehen keine notwendigen Medikamenten zu behandeln Fr\u00fchling Asthenie"},"content":{"rendered":"<p class=\"first\"> <span class=\"yshortcuts\" id=\"lw_1333878757_0\"> MADRID<\/span>, 8 (<span class=\"yshortcuts\" id=\"lw_1333878757_1\"> EUROPA PRESS<\/span>)<\/p>\n<p>Die <span class=\"yshortcuts\" id=\"lw_1333878757_2\"> Experten<\/span> nicht notwendige Medikamenten zu behandeln Fr\u00fchling <span class=\"yshortcuts\" id=\"lw_1333878757_3\"> Asthenie<\/span>, und als <span class=\"yshortcuts\" id=\"lw_1333878757_4\"> Sekret\u00e4r<\/span> der <span class=\"yshortcuts\" id=\"lw_1333878757_5\"> spanischen Gesellschaft<\/span> f\u00fcr Medizin der Familie und der Gemeinschaft (SemFYC), der Arzt erkl\u00e4rte Salvador Tranche, die sicherstellt, dass diese St\u00f6rung behoben ist &#8220;in ein paar Tagen und ohne Komplikationen&#8221;.<\/p>\n<p>Dar\u00fcber hinaus der Auffassung, dass &#8220;es keine Belege daf\u00fcr gibt, dass sie als klinische Entit\u00e4t vorhanden ist&#8221;, also &#8220;ist keine Krankheit an sich&#8221;. Nach seinem Ermessen Fr\u00fchling Asthenie &#8220;ist eine kleine Adaptive Erkrankung, Bahnhof und Zeit zu \u00e4ndern und die Zunahme der Leuchtkraft&#8221;.<\/p>\n<p>Daher Tranche Europa Press gesagt &#8220;Es ist sehr wichtig. Es ist Passagier&#8221;, sagt er. In Bezug auf Ver\u00e4nderungen, die bei den betroffenen auftreten k\u00f6nnen, weist darauf hin, dass diese &#8220;kleinen&#8221; und &#8220;eine physische und psychische Komponente&#8221;.<\/p>\n<p>Der ersten sind &#8220;M\u00fcdigkeit und Schlafst\u00f6rungen,&#8221; ausgerichtet, w\u00e4hrend der Hellseher entstehen durch Temperatur\u00e4nderung, seit &#8220;die Hitze kann etwas ver\u00e4ndern&#8221;, und die Leuchtkraft. &#8220;Licht ist ein Stimulans, aber einige Leute kann es zu Reizbarkeit und Mangel an Initiative,&#8221; unterstreicht die Galeno.<\/p>\n<p>El Doctor Tranche ist nicht in der Lage, eine bestimmte Erkl\u00e4rung f\u00fcr die Tatsache feststellen, dass diese St\u00f6rung tritt auf, in dieser Zeit des Jahres. Seiner Ansicht nach w\u00e4re&#8221;es logisch, dass es tritt auf, wenn Licht sinkt, aber hier passiert es r\u00fcckw\u00e4rts mit&#8221;. Ist daher der Ansicht, dass es ist als ob der K\u00f6rper aus &#8220;Desacompasado&#8221;.<\/p>\n<p>Wirkt sich immer weniger Menschen, die Frauen, die mehr<\/p>\n<p>Trotzdem Ja best\u00e4tigen die Tatsache, das der Fr\u00fchling Asthenie &#8220;meist betrifft Frauen&#8221;, aber keine Antwort auf diese Situation. Also ja wohl eine L\u00f6sung f\u00fcr den Umstand, dass diese Erkrankung immer weniger Menschen betroffen sind. Seiner Meinung nach ist dies aufgrund der Krise, da&#8221;Menschen mehr Sorgen um andere Dinge. Asthenie ist ein kleines Problem, &#8220;Satz.<\/p>\n<p>Kurz, argumentiert, dass diese Ver\u00e4nderung nur sehr wenige Menschen &#8220;ber\u00fchrt&#8221; und noch mehr Patienten im Rahmen der Konsultation &#8220;um Erkrankungen wie An\u00e4mie oder Depression auszuschlie\u00dfen&#8221; kommt. In Bezug auf Letzteres entsprechen Sie Tranche warnt, dass in dem milden Niveau die Symptome der &#8220;Ver\u00e4nderung des Schlafes, Mangel an Begeisterung und Initiative, Traurigkeit und M\u00fcdigkeit&#8221;. Jedoch h\u00e4lt die schwere Depression unverkennbar weil Symptome &#8220;ernsteren und ernst sind&#8221;.<\/p>\n<p>Sichert schlie\u00dflich der Vertreter der SemFYC dieses Fr\u00fchjahr Asthenie &#8220;schlie\u00dft kein normales Leben, au\u00dfer wenn es ist langlebig und wird begleitet von gemeinsamen Schmerz und eine allgemeinere Beteiligung&#8221;. Seiner Meinung nach &#8220;Sie sind mehr m\u00fcde und langsam, aber nicht deaktivieren&#8221;.<\/p>\n<p>Zu bek\u00e4mpfen, das Rezept vorschl\u00e4gt, ist &#8220;halten eine Schlaf-Hygiene, 7 oder 8 Stunden in der Nacht ruhen, haben einen regelm\u00e4\u00dfigen Zeitplan der Mahlzeiten und der \u00dcbung. Praxis, die ein gesunder Lebensstil das einzige was werden ist getan muss, &#8220;schlie\u00dft Dr. Tranche.<\/p>\n","protected":false},"excerpt":{"rendered":"<p>MADRID, 8 ( EUROPA PRESS) Die Experten nicht notwendige Medikamenten zu behandeln Fr\u00fchling Asthenie, und als Sekret\u00e4r der spanischen Gesellschaft f\u00fcr Medizin der Familie und der Gemeinschaft (SemFYC), der Arzt erkl\u00e4rte Salvador Tranche, die sicherstellt, dass diese St\u00f6rung behoben ist &#8220;in ein paar Tagen und ohne Komplikationen&#8221;. Dar\u00fcber hinaus der Auffassung, dass &#8220;es keine Belege [&hellip;]<\/p>\n","protected":false},"author":1,"featured_media":0,"comment_status":"close","ping_status":"open","sticky":false,"template":"","format":"standard","meta":{"footnotes":""},"categories":[3],"tags":[47167],"class_list":["post-38396","post","type-post","status-publish","format-standard","hentry","category-allgemeine","tag-angiogenese-mechanismus","et-doesnt-have-format-content","et_post_format-et-post-format-standard"],"_links":{"self":[{"href":"https:\/\/www.best-dentist-dentistry.com\/de\/wp-json\/wp\/v2\/posts\/38396","targetHints":{"allow":["GET"]}}],"collection":[{"href":"https:\/\/www.best-dentist-dentistry.com\/de\/wp-json\/wp\/v2\/posts"}],"about":[{"href":"https:\/\/www.best-dentist-dentistry.com\/de\/wp-json\/wp\/v2\/types\/post"}],"author":[{"embeddable":true,"href":"https:\/\/www.best-dentist-dentistry.com\/de\/wp-json\/wp\/v2\/users\/1"}],"replies":[{"embeddable":true,"href":"https:\/\/www.best-dentist-dentistry.com\/de\/wp-json\/wp\/v2\/comments?post=38396"}],"version-history":[{"count":0,"href":"https:\/\/www.best-dentist-dentistry.com\/de\/wp-json\/wp\/v2\/posts\/38396\/revisions"}],"wp:attachment":[{"href":"https:\/\/www.best-dentist-dentistry.com\/de\/wp-json\/wp\/v2\/media?parent=38396"}],"wp:term":[{"taxonomy":"category","embeddable":true,"href":"https:\/\/www.best-dentist-dentistry.com\/de\/wp-json\/wp\/v2\/categories?post=38396"},{"taxonomy":"post_tag","embeddable":true,"href":"https:\/\/www.best-dentist-dentistry.com\/de\/wp-json\/wp\/v2\/tags?post=38396"}],"curies":[{"name":"wp","href":"https:\/\/api.w.org\/{rel}","templated":true}]}}