{"id":38449,"date":"2013-08-21T02:38:34","date_gmt":"2013-08-21T02:38:34","guid":{"rendered":null},"modified":"-0001-11-30T00:00:00","modified_gmt":"-0001-11-30T00:00:00","slug":"family-doctors-remember-that-education-and-poverty-influence-when-it-comes-to-good-health","status":"publish","type":"post","link":"https:\/\/www.best-dentist-dentistry.com\/de\/family-doctors-remember-that-education-and-poverty-influence-when-it-comes-to-good-health\/38449","title":{"rendered":"Haus\u00e4rzte nicht vergessen, dass Bildung und Armut zu beeinflussen, wenn es um Gesundheit geht"},"content":{"rendered":"<p class=\"first\"> MADRID, 27 (EUROPA PRESS)<\/p>\n<p>Der spanischen Gesellschaften <span class=\"yshortcuts\" id=\"lw_1335543305_1\"> von Familie und Gemeinschaft Medizin<\/span> (SemFYC) und der <span class=\"yshortcuts\" id=\"lw_1335543305_2\"> \u00f6ffentlichen Gesundheit<\/span> und Sanit\u00e4ranlagen haben Management (SESPAS) die Rolle der sozialen Determinanten hervorgehoben, wie Armut, Arbeitslosigkeit und Bildung, wenn es darum geht, gute Gesundheit, also f\u00fcr das Recht auf universellen Gesundheit Fragen<\/p>\n<p>Im Rahmen der ersten Nationalkonferenz der Gemeinde-Gesundheit, die in Barcelona stattfindet, beide Unternehmen betonen die Bedeutung der Erhaltung von Eigenkapital und Gesundheit in allen Politikbereichen sowie eine Community-basierte Ansatz als Ma\u00dfnahme zur F\u00f6rderung der Treuhandschaft auf die Gesundheit der Menschen bestellt.<\/p>\n<p>Haben schlie\u00dflich beide Entit\u00e4ten sich verpflichtet zur Ausarbeitung ein Konsensdokument von Community Health, offen f\u00fcr die Beteiligung anderer wissenschaftlicher Gesellschaften und sozialen Organisationen.  <\/p>\n","protected":false},"excerpt":{"rendered":"<p>MADRID, 27 (EUROPA PRESS) Der spanischen Gesellschaften von Familie und Gemeinschaft Medizin (SemFYC) und der \u00f6ffentlichen Gesundheit und Sanit\u00e4ranlagen haben Management (SESPAS) die Rolle der sozialen Determinanten hervorgehoben, wie Armut, Arbeitslosigkeit und Bildung, wenn es darum geht, gute Gesundheit, also f\u00fcr das Recht auf universellen Gesundheit Fragen Im Rahmen der ersten Nationalkonferenz der Gemeinde-Gesundheit, die [&hellip;]<\/p>\n","protected":false},"author":1,"featured_media":0,"comment_status":"close","ping_status":"open","sticky":false,"template":"","format":"standard","meta":{"footnotes":""},"categories":[3],"tags":[47171],"class_list":["post-38449","post","type-post","status-publish","format-standard","hentry","category-allgemeine","tag-anti-krebs-kraft","et-doesnt-have-format-content","et_post_format-et-post-format-standard"],"_links":{"self":[{"href":"https:\/\/www.best-dentist-dentistry.com\/de\/wp-json\/wp\/v2\/posts\/38449","targetHints":{"allow":["GET"]}}],"collection":[{"href":"https:\/\/www.best-dentist-dentistry.com\/de\/wp-json\/wp\/v2\/posts"}],"about":[{"href":"https:\/\/www.best-dentist-dentistry.com\/de\/wp-json\/wp\/v2\/types\/post"}],"author":[{"embeddable":true,"href":"https:\/\/www.best-dentist-dentistry.com\/de\/wp-json\/wp\/v2\/users\/1"}],"replies":[{"embeddable":true,"href":"https:\/\/www.best-dentist-dentistry.com\/de\/wp-json\/wp\/v2\/comments?post=38449"}],"version-history":[{"count":0,"href":"https:\/\/www.best-dentist-dentistry.com\/de\/wp-json\/wp\/v2\/posts\/38449\/revisions"}],"wp:attachment":[{"href":"https:\/\/www.best-dentist-dentistry.com\/de\/wp-json\/wp\/v2\/media?parent=38449"}],"wp:term":[{"taxonomy":"category","embeddable":true,"href":"https:\/\/www.best-dentist-dentistry.com\/de\/wp-json\/wp\/v2\/categories?post=38449"},{"taxonomy":"post_tag","embeddable":true,"href":"https:\/\/www.best-dentist-dentistry.com\/de\/wp-json\/wp\/v2\/tags?post=38449"}],"curies":[{"name":"wp","href":"https:\/\/api.w.org\/{rel}","templated":true}]}}