{"id":38503,"date":"2013-08-21T02:47:40","date_gmt":"2013-08-21T02:47:40","guid":{"rendered":null},"modified":"-0001-11-30T00:00:00","modified_gmt":"-0001-11-30T00:00:00","slug":"vera-says-that-it-works-with-professionals-for-close-organizational-aspects-of-the-new-health-care-model","status":"publish","type":"post","link":"https:\/\/www.best-dentist-dentistry.com\/de\/vera-says-that-it-works-with-professionals-for-close-organizational-aspects-of-the-new-health-care-model\/38503","title":{"rendered":"Vera sagt, dass es mit &#8220;engen organisatorischen Aspekte&#8221; des neuen Gesundheits Experten funktioniert"},"content":{"rendered":"<p class=\"first\"> die Gruppen, &#8220;das Argument des Obskurantismus verlassen&#8221; auf das <span class=\"yshortcuts\" id=\"lw_1337707596_1\"> neue Modell<\/span> bitten, weil &#8220;Sie f\u00fcr den Zusammenhalt gesucht&#8221;<\/p>\n<p>PAMPLONA, 22 (EUROPA PRESS)<\/p>\n<p>Der Minister der <span class=\"yshortcuts\" id=\"lw_1337707596_3\"> Gesundheit der Regierung von Navarra<\/span>, <span class=\"yshortcuts\" id=\"lw_1337707596_7\"> Marta Vera<\/span>, betont, dass die &#8220;Essenz&#8221; des neuen health care &#8220;die Beteiligung der Fachkreise&#8221; und daf\u00fcr gesorgt hat, dass seine Abteilung arbeitet, um &#8220;versuchen, sie alle im Hinblick auf die technische und organisatorische Aspekte zu schlie\u00dfen&#8221;.<\/p>\n<p>So Vera in parlamentarischen Ausschuss, auf seinen eigenen Wunsch und Bildu, die auf das neue Pflege-Modell, entwickelt von der <span class=\"yshortcuts\" id=\"lw_1337707596_0\"> Abteilung der Gesundheit<\/span>, basierend darauf hingewiesen &#8220;auf zwei Grundprinzipien: pflegen unsere \u00f6ffentlichen Gesundheitssystems und seine <span class=\"yshortcuts\"id=\"lw_1337707596_6\"> Nachhaltigkeit<\/span> f\u00fcr k\u00fcnftige Generationen zu gew\u00e4hrleisten&#8221;.<\/p>\n<p>Der <span class=\"yshortcuts\" id=\"lw_1337707596_4\"> Berater<\/span> erkl\u00e4rt, da das neue Assistencial Modell bei der Pressekonferenz erschien, er getroffen hat, mit Vertretern der Hochschule der \u00c4rzte von Navarra, des College of Nursing, sowie mit einer Gruppe von B\u00fcrgermeister aus dem Bereich der Pamplona und Region zu dieser Thematik und &#8220;h\u00f6ren Sie sich ihre Beitr\u00e4ge&#8221;.<\/p>\n<p>Ist auch Treffen mit B\u00fcrgermeister von anderen Bereichen, sowie Mitglieder des Kollegiums der Pharmazie, Vereinigungen von Patienten und Zentren und Gesch\u00e4ftspartnern in der Region unter anderem vorgesehen.<\/p>\n<p>&#8220;Dies ist keine marketing-Kampagne, sondern eine \u00dcbung der Transparenz und Rechenschaftspflicht gegen\u00fcber dem B\u00fcrger und eine wesentliche Voraussetzung zum Erfolg auf das Ziel, dass das neue Pflege-Modell eine Realit\u00e4t ist&#8221;, betont der Berater, betonen, da\u00df vor ihrer \u00f6ffentlichen Pr\u00e4sentation &#8220;Wir hatten schon mehrfach mit vielf\u00e4ltigen Gruppen&#8221;.<\/p>\n<p>Sowie und nach erkl\u00e4rt im Detail alle von den Treffen von Mitgliedern seiner Abteilung mit verschiedenen Agenten, Vera hat gebeten die <span class=\"yshortcuts\" id=\"lw_1337707596_2\"> Fraktionen<\/span>, die &#8220;sie verlassen das Argument des Obskurantismus&#8221; in Drehbank auf die neue Betreuung model, weil &#8220;Wir haben f\u00fcr den Zusammenhalt und die Beitr\u00e4ge unserer Fachleute sah,&#8221;.<\/p>\n<p>In diesem Sinne wurde als &#8220;unpassend&#8221;, dass einige Fraktionen ihn bezichtigen &#8220;Obskurantismus und haben den Plan geschlossen ohne Dialog und Debatte \u00fcber es zu kritisieren uns f\u00fcr nicht spezifische Details wie geben zu k\u00f6nnen, werden endg\u00fcltig geschlossenen Teams oder wie es die verschiedenen Punkte des Aktion funktionieren w\u00fcrde&#8221;.<\/p>\n<p>Eine Situation &#8220;Enorm kompliziert&#8221;<\/p>\n<p>Der Gesundheitsminister betonte, dass &#8220;wir in einer sehr schwierigen Situation Leben&#8221; und dass es &#8220;keinen Zweifel&#8221;, dass ist das \u00f6ffentliche <span class=\"yshortcuts\" id=\"lw_1337707596_5\"> Gesundheitssystem<\/span> &#8220;droht Ernst&#8221;, so dass seiner Meinung nach &#8220;der beste Weg, um nicht zu sagen die einzige Wette in einer Weise, die durch das System entschieden die erforderlichen Ma\u00dfnahmen zur Gew\u00e4hrleistung der Nachhaltigkeit und zu sch\u00fctzen nimmt&#8221;.<\/p>\n<p>Nach Vera, &#8220;muss man in der Lage, zu versuchen, einen Prozess des Wandels ohne die Dringlichkeit oder das Ertrinken zu drastischeren Ma\u00dfnahmen anregen und, die sie betreffen nur kurzfristig&#8221; und so wurde argumentiert, dass &#8220;der beste Weg, um dringende oder willk\u00fcrliche Ma\u00dfnahmen zu vermeiden ist eine \u00dcberpr\u00fcfung des Modells der Pflege umzusetzen, die wir anbieten&#8221;.<\/p>\n<p>&#8220;Die L\u00f6sung f\u00fcr das Problem der Nachhaltigkeit des Gesundheitswesens muss eine ordnungsgem\u00e4\u00dfe Verwendung der Gelder von allen Agents enthalten, eine Tiefe und strukturelle \u00e4ndern, wirkt sich auf das gesamte Modell und eine neue Orientierung mutig und entschlossen, die Antworten auf die aktuellen Bed\u00fcrfnisse der Bev\u00f6lkerung und der Gesellschaft&#8221;, sagte sie.<\/p>\n<p>, Hat sich entschieden &#8220;\u00fcberwinden das paternalistische Modell der vorherrschende Versorgung in den letzten Jahren hat ein hohes Ma\u00df an Medikalisierung und Gesundheit Konsum erzeugt&#8221;, die &#8220;die Gesundheit System B\u00fcrger \u00fcberm\u00e4\u00dfig abh\u00e4ngig gemacht hat&#8221;.<\/p>\n<p>Als der Minister hat erkl\u00e4rt, es wird erwartet, dass am Ende des Jahres und &#8220;um besser zu erkl\u00e4ren, die \u00c4nderungen in das neue Modell&#8221;, die Abteilung tragen eine Kampagne f\u00fcr alle B\u00fcrger, damit &#8220;sie nicht den geringsten Zweifel von welchem Zeitplan ihrer Gesundheitszentrum haben wird, oder was haben zu tun im Notfall&#8221;.<\/p>\n<p>BILDU, dt. E IE kritisieren das neue Modell<\/p>\n<p>An der Wende der Fraktionen, hat die Bakartxo Ruiz, von Bildu, beklagt, dass das Gesundheitsamt &#8220;h\u00e4lt die \u00f6ffentliche und offene Debatte \u00fcber das neue Pflege-Modell&#8221;, und dies sagte, ist &#8220;mangelnde Transparenz&#8221;. Seiner Ansicht nach die Abteilung &#8220;sind mit Hilfe der Strategie der Teile und herrsche&#8221; und kritisiert, die im neuen Modell &#8220;Wir sprechen nicht nur Reorganisation, aber auch Einschnitte&#8221;.<\/p>\n<p>Von UPN, Antonio P\u00e9rez Wiesen wollte &#8220;das gr\u00f6\u00dfte und viel Erfolg f\u00fcr das neue Assistencial-Modell sehr ehrgeizig und notwendig f\u00fcr die Nachhaltigkeit des Systems&#8221; und betonte, dass &#8220;den Vorwurf des Obskurantismus und mangelnde Transparenz unter seinem eigenen Gewicht nach den Anweisungen des Ministers f\u00e4llt&#8221;.<\/p>\n<p>Aus den Reihen der PSN, Mari Carmen Ochoa wurde fragte der Berater &#8220;welche Meinungen haben auf diesem neuen Modell an den Sitzungen erhalten&#8221; da &#8220;am Ende alle die Profis sehen Ihre Arbeit ge\u00e4ndert&#8221;. Dar\u00fcber hinaus galt es &#8220;Grundrechte&#8221;, das wird eine Kampagne &#8220;klar&#8221;, so dass B\u00fcrger&#8221;keine Zweifel&#8221; \u00fcber dieses neue Modell.<\/p>\n<p>Im Namen Nafarroa Bai, Asun Fern\u00e1ndez de Garaialde Frankreich sagte zu f\u00fchlen &#8220;\u00fcberw\u00e4ltigt&#8221; von den Angaben der Berater weil &#8220;es Zeit, die wir bereits gelesen hatte war, was heute hier mitgeteilt hat&#8221;. Er erkl\u00e4rte, dass der Minister hat &#8220;anderes Konzept welche Beteiligung&#8221; und das neue Pflege-Modell als &#8220;eine Absichtserkl\u00e4rung&#8221; definiert hat.<\/p>\n<p>Durch die PPN, Enrique Mart\u00edn de Marcos sagte auch, dass &#8220;\u00dcberraschungen&#8221;, die Gruppen, die vergangen sind, von der Kommission &#8220;haben sich beschwert Sie mangelnde Information, nach der Besprechungen, die mit der Abteilung gepflegt worden sind&#8221;. Es hat auch betont, dass seine Gruppe das neue Modell der Pflege, &#8220;sehr ehrgeizig und darauf ausgerichtet, die Nachhaltigkeit des Systems sieht&#8221; mit &#8220;gute Augen&#8221;.<\/p>\n<p>Schlie\u00dflich, Marisa Sim\u00f3n, der Links-Ezkerra, f\u00fcr ein &#8220;universal, gerechte, zug\u00e4nglich und unterst\u00fctzende&#8221; Gesundheitssystem hat sich entschieden und ist der Auffassung, dass &#8220;Nachhaltigkeit \u00fcber Steuern sichergestellt werden sollte&#8221;. Haben Sie sich \u00fcberlegt, dass diese Reorganisation, &#8220;ohne eine ausreichende Voruntersuchung durchgef\u00fchrt, wird die Qualit\u00e4t der Pflege verringert&#8221;.<\/p>\n<p>(EUROPA PRESS von Navarra)<\/p>\n<p>NA SAN 20120522191157 GUR<\/p>\n","protected":false},"excerpt":{"rendered":"<p>die Gruppen, &#8220;das Argument des Obskurantismus verlassen&#8221; auf das neue Modell bitten, weil &#8220;Sie f\u00fcr den Zusammenhalt gesucht&#8221; PAMPLONA, 22 (EUROPA PRESS) Der Minister der Gesundheit der Regierung von Navarra, Marta Vera, betont, dass die &#8220;Essenz&#8221; des neuen health care &#8220;die Beteiligung der Fachkreise&#8221; und daf\u00fcr gesorgt hat, dass seine Abteilung arbeitet, um &#8220;versuchen, sie [&hellip;]<\/p>\n","protected":false},"author":1,"featured_media":0,"comment_status":"close","ping_status":"open","sticky":false,"template":"","format":"standard","meta":{"footnotes":""},"categories":[3],"tags":[],"class_list":["post-38503","post","type-post","status-publish","format-standard","hentry","category-allgemeine","et-doesnt-have-format-content","et_post_format-et-post-format-standard"],"_links":{"self":[{"href":"https:\/\/www.best-dentist-dentistry.com\/de\/wp-json\/wp\/v2\/posts\/38503","targetHints":{"allow":["GET"]}}],"collection":[{"href":"https:\/\/www.best-dentist-dentistry.com\/de\/wp-json\/wp\/v2\/posts"}],"about":[{"href":"https:\/\/www.best-dentist-dentistry.com\/de\/wp-json\/wp\/v2\/types\/post"}],"author":[{"embeddable":true,"href":"https:\/\/www.best-dentist-dentistry.com\/de\/wp-json\/wp\/v2\/users\/1"}],"replies":[{"embeddable":true,"href":"https:\/\/www.best-dentist-dentistry.com\/de\/wp-json\/wp\/v2\/comments?post=38503"}],"version-history":[{"count":0,"href":"https:\/\/www.best-dentist-dentistry.com\/de\/wp-json\/wp\/v2\/posts\/38503\/revisions"}],"wp:attachment":[{"href":"https:\/\/www.best-dentist-dentistry.com\/de\/wp-json\/wp\/v2\/media?parent=38503"}],"wp:term":[{"taxonomy":"category","embeddable":true,"href":"https:\/\/www.best-dentist-dentistry.com\/de\/wp-json\/wp\/v2\/categories?post=38503"},{"taxonomy":"post_tag","embeddable":true,"href":"https:\/\/www.best-dentist-dentistry.com\/de\/wp-json\/wp\/v2\/tags?post=38503"}],"curies":[{"name":"wp","href":"https:\/\/api.w.org\/{rel}","templated":true}]}}