{"id":38536,"date":"2013-08-24T02:33:21","date_gmt":"2013-08-24T02:33:21","guid":{"rendered":null},"modified":"-0001-11-30T00:00:00","modified_gmt":"-0001-11-30T00:00:00","slug":"doctors-and-health-staff-are-suspicious-of-morales-and-maintain-protests","status":"publish","type":"post","link":"https:\/\/www.best-dentist-dentistry.com\/de\/doctors-and-health-staff-are-suspicious-of-morales-and-maintain-protests\/38536","title":{"rendered":"\u00c4rzte und Gesundheitspersonal sind misstrauisch Morales und pflegen Proteste"},"content":{"rendered":"<p class=\"first\">, <span class=\"yshortcuts\" id=\"lw_1336233620_2\"> La Paz<\/span>, 5. Mai (EFE).-die <span class=\"yshortcuts\" id=\"lw_1336233620_5\"> medizinische<\/span> und \u00f6ffentliche Gesundheit-Mitarbeiter kommen mit Misstrauen die Ank\u00fcndigung des bolivianischen Pr\u00e4sidenten Evo Morales, \u00fcber die Aussetzung des Dekrets, das erh\u00f6ht Ihre sechs bis acht-Stunden-Arbeitstag und erfordern Sie Abbrechen es endg\u00fcltig um den Streik zu unterlassen, die vor sechs Wochen begann.<\/p>\n<p>Ein F\u00fchrer der Konf\u00f6deration der Arbeiter in Gesundheit, Jos\u00e9 Gonz\u00e1lez, erkl\u00e4rten Efe, dass die Aussetzung des Dekrets gestern von Morales verk\u00fcndet &#8220;ist keine Garantie&#8221;, noch rechtlich gesehen, mit denen das Urteil um diese Regel zu annullieren verlangte vorhanden ist.<\/p>\n<p>&#8220;Diesen Weg nicht finden die L\u00f6sung des Konflikts, die wir f\u00fchren wird. &#8220;Die Bestimmung des Bundes und der Central Obrera Boliviana (COB) ist klar: Wir fordern den Pr\u00e4sidenten, die v\u00f6llig das Dekret aufgehoben, so dass Druckmessungen anhalten k\u00f6nnen&#8221;, erkl\u00e4rt.<\/p>\n<p>Dieses Ansatzes wird geteilt durch den Pr\u00e4sidenten der medizinischen Schule von Bolivien, Alfonso Nachbarschaften, f\u00fcr wen die Morales-Ank\u00fcndigung &#8220;eine Ablenkung be could&#8221; f\u00fcr Streikende eine Demobilisierung.<\/p>\n<p>&#8220;Im Moment wir Druckmessungen unterbrechen k\u00f6nnen, da gibt es Anf\u00e4lligkeit. Wir Misstrauen anzeigen&#8221;, Barrios sagte Radio Erbol.<\/p>\n<p>Erinnert an den Fall der indigenen V\u00f6lker, die eine Stra\u00dfe im Naturpark Tipnis,, die zu Morales zum Erlass eine Rechnung, die ein Stra\u00dfenbauprojekt in der Reserva provavelmente verbietet ablehnen verwaltet, obwohl dann er bereut und besteht auf die Wiederaufnahme der arbeiten, finanziert durch Brasilien im Jahr 2011 nach einer 66-Tage-Marsch nach La Paz,.<\/p>\n<p>Nachbarschaften sagte sie erwarten einige offizielles Dokument auf die Ank\u00fcndigung von Morales zu diskutieren, es mit den Abteilungen Verb\u00e4nden von \u00c4rzten, und dass sie definieren, ob Ende protestiert.<\/p>\n<p>Sowohl die Gesundheit und die \u00c4rzte folgten der Einladung von Morales zu einem &#8220;nationalen Gipfel&#8221; im Juli, ein neues Gesundheitssystem zu entwerfen, aber sie bestehen darauf, dass zuerst ist muss abbrechen endg\u00fcltig Erlass, der Ihren Tag erh\u00f6ht.<\/p>\n<p>Unterst\u00fctzt von Medizinstudenten und COB, die gr\u00f6\u00dften bolivianischen Gewerkschaftsorganisation, beide Gruppen sind arbeitslos seit 28. M\u00e4rz.<\/p>\n<p>sie haben Streikposten Hungerstreiks gebildet und f\u00fchrte t\u00e4glich Demonstrationen und Blockaden im ganzen Land, argumentiert, dass das Dekret nicht vereinbart wurde oder die M\u00e4ngel der Gesundheit von Bolivien, eines der \u00e4rmsten L\u00e4nder in Lateinamerika l\u00f6sen.<\/p>\n<p>Morales eingefahren gestern mindestens Wort, von ihrer Entscheidung \u00fcber die acht-Stunden-Arbeitstag f\u00fcr \u00c4rzte und Gesundheit, belagert von Street-Proteste, die sie Arreciaron und gewaltt\u00e4tig in den letzten Tagen.<\/p>\n<p>Donnerstag und Freitag Gruppen von \u00c4rzten, sanit\u00e4re und medizinische Studenten blockierten Stra\u00dfen, die gehen von Bolivien nach Brasilien und Argentinien und zusammengesto\u00dfen mit Anti-Krawall-Agenten.<\/p>\n<p>\u00c4rzte, Studenten der Medizin der staatlichen Universit\u00e4ten und Kliniken Mitarbeiter blockierten Passage, diesen Freitag, Mai 4, Apacheta, El Alto (Bolivien), der Hauptstra\u00dfe des Landes, die La Paz mit der zentralen Cochabamba und der \u00f6stlichen Santa-Cruz-Region verbindet.  EFE<\/p>\n","protected":false},"excerpt":{"rendered":"<p>, La Paz, 5. Mai (EFE).-die medizinische und \u00f6ffentliche Gesundheit-Mitarbeiter kommen mit Misstrauen die Ank\u00fcndigung des bolivianischen Pr\u00e4sidenten Evo Morales, \u00fcber die Aussetzung des Dekrets, das erh\u00f6ht Ihre sechs bis acht-Stunden-Arbeitstag und erfordern Sie Abbrechen es endg\u00fcltig um den Streik zu unterlassen, die vor sechs Wochen begann. Ein F\u00fchrer der Konf\u00f6deration der Arbeiter in Gesundheit, [&hellip;]<\/p>\n","protected":false},"author":1,"featured_media":0,"comment_status":"close","ping_status":"open","sticky":false,"template":"","format":"standard","meta":{"footnotes":""},"categories":[3],"tags":[47213],"class_list":["post-38536","post","type-post","status-publish","format-standard","hentry","category-allgemeine","tag-ex-fortschritte","et-doesnt-have-format-content","et_post_format-et-post-format-standard"],"_links":{"self":[{"href":"https:\/\/www.best-dentist-dentistry.com\/de\/wp-json\/wp\/v2\/posts\/38536","targetHints":{"allow":["GET"]}}],"collection":[{"href":"https:\/\/www.best-dentist-dentistry.com\/de\/wp-json\/wp\/v2\/posts"}],"about":[{"href":"https:\/\/www.best-dentist-dentistry.com\/de\/wp-json\/wp\/v2\/types\/post"}],"author":[{"embeddable":true,"href":"https:\/\/www.best-dentist-dentistry.com\/de\/wp-json\/wp\/v2\/users\/1"}],"replies":[{"embeddable":true,"href":"https:\/\/www.best-dentist-dentistry.com\/de\/wp-json\/wp\/v2\/comments?post=38536"}],"version-history":[{"count":0,"href":"https:\/\/www.best-dentist-dentistry.com\/de\/wp-json\/wp\/v2\/posts\/38536\/revisions"}],"wp:attachment":[{"href":"https:\/\/www.best-dentist-dentistry.com\/de\/wp-json\/wp\/v2\/media?parent=38536"}],"wp:term":[{"taxonomy":"category","embeddable":true,"href":"https:\/\/www.best-dentist-dentistry.com\/de\/wp-json\/wp\/v2\/categories?post=38536"},{"taxonomy":"post_tag","embeddable":true,"href":"https:\/\/www.best-dentist-dentistry.com\/de\/wp-json\/wp\/v2\/tags?post=38536"}],"curies":[{"name":"wp","href":"https:\/\/api.w.org\/{rel}","templated":true}]}}