{"id":3854,"date":"2012-03-01T18:00:36","date_gmt":"2012-03-01T18:00:36","guid":{"rendered":null},"modified":"-0001-11-30T00:00:00","modified_gmt":"-0001-11-30T00:00:00","slug":"mutual-union-explains-the-latest-legislative-news-to-entrepreneurs-and-freelancers","status":"publish","type":"post","link":"https:\/\/www.best-dentist-dentistry.com\/de\/mutual-union-explains-the-latest-legislative-news-to-entrepreneurs-and-freelancers\/3854","title":{"rendered":"Gegenseitige Union erkl\u00e4rt legislative Neuigkeiten f\u00fcr Unternehmer und Freiberufler"},"content":{"rendered":"<p><font   size=\"2\"> <strong><font size=\"3\"> gegenseitige Union erkl\u00e4rt legislative Neuigkeiten f\u00fcr Unternehmer und selbst\u00e4ndige<\/font> <\/p>\n<p> zu studieren und analysieren die Implementierung im Unternehmen<\/strong> <\/p>\n<p>-Union der gegenseitigen hat organisiert, im Laufe des Monats M\u00e4rz, insgesamt 21 Tage zur gegenseitigen Firmen und Partner um weitere verst\u00e4ndlichen legislativen Entwicklungen machen die vor kurzem in Kraft getreten sind. <\/p>\n<p>-organisiert vom juristischen Dienst des die gegenseitige Anerkennung, findet in verschiedenen Zentren in der Region Valencia, Barcelona und Madrid. <\/p>\n<p><strong>Spanien, M\u00e4rz 2012.-<\/strong> Die Reform der Arbeit, den sozialen Schutz der Mitarbeiter des Hauses und die Integration der landwirtschaftlichen Arbeiter in die allgemeine Regelung, konzentrieren sich die Inhalte der Konferenz. Die gegenseitigen Ziele bieten das Maximum an Informationen \u00fcber Besonderheiten Truppe normative Dekrete zu Arbeitgebern und Arbeitnehmern, um zu helfen, erleichtert und beschleunigt die Bearbeitung ergibt sich aus den neuen rechtlichen Rahmenbedingungen. <\/p>\n<p>Die Konferenz \u00fcber die Reform der Arbeit richten sich an Arbeitgeber, Arbeitnehmer, selbstst\u00e4ndige und Arbeitnehmer bringen den Inhalt des Decreto legislativo dringende Ma\u00dfnahmen, die in allen Bereichen des Arbeitsrechts eingef\u00fchrt hat. Die gegenseitige behandelt Innovationen, die stellt den neuen Standard und seiner sofortige Umsetzung in Unternehmen zu analysieren. Sie findet statt ab heute, ein Marsch in Paterna-Valencia, Castell\u00f3n, Onda, Barcelona und Madrid. <\/p>\n<p>Die Arbeit Reform Verpflichtung zur Besch\u00e4ftigung, zur Verringerung der Dualit\u00e4t und interner Flexibilit\u00e4t. In diesem Sinne stellt Ma\u00dfnahmen zur \u00c4nderung der Arbeitsbedingungen, die Arten von Vertr\u00e4gen, Mechanismen Aussterben und Tarifverhandlungen, Frage, die das Unternehmen auf die sektoralen Abkommen Priorit\u00e4t einr\u00e4umt. <\/p>\n<p>Die Konferenz \u00fcber die landwirtschaftliches System und den Schutz der Haushalt Mitarbeiter findet in Vinar\u00f3s, Segorbe, Nules, Burriana, Vall d &#8217; D, Welle, L &#8217; Alcora, Sagunto, Vila-Real, Xativa, Gandia und Torrente, unter anderen St\u00e4dten. <\/p>\n<p>Das Gesetz \u00fcber die Integration der Landwirtschaft der besonderen Regelung im allgemeinen sozialen Sicherheit Regime, trat in Kraft am 1. Januar und beinhaltet die Schaffung eines besonderen Systems f\u00fcr Rechnung anderer Landarbeiter mit einer Reihe von Merkmalen in Bezug auf Schutz und das Preismodell. Das Gesetz sieht eine \u00dcbergangszeit erm\u00f6glichen eine allm\u00e4hliche und nicht sch\u00e4dlich \u00fcbereinstimmende mit Beitr\u00e4gen aus der allgemeinen Regelung, die die Wettbewerbsf\u00e4higkeit der landwirtschaftlichen Betriebe nicht schadet. <\/p>\n<p>Seit letzten Januar ist auch der normative Text, der die Leistungen der sozialen Sicherheit erhielt von Hausangestellten mit denen der Rest der Arbeiter in die allgemeine Regelung entspricht in Kraft. <\/p>\n<p>Die Sonderregelung f\u00fcr Mitarbeiter der Heimarbeiter dem Arbeitsunfall und Berufskrankheit in den gleichen Bedingungen wie die Arbeitnehmer in die allgemeine Regelung abgedeckt werden, d.h. Erf\u00fcllung der Verpflichtungen der Mitgliedschaft, Registrierung und Zitat. <\/p>\n<p><strong>\u00dcber Union der gegenseitigen<\/strong> <\/p>\n<p>Union der gegenseitigen ist 324 eigenen Zentren, die verstreut im ganzen Land, von dem 52 in Valencia befindet in gegenseitigen Corporation, der erste Investmentfonds-Gruppe des Landes durch Netzwerke Service, integriert. Arbeitnehmer gesch\u00fctzt von einer gegenseitigen bestehend aus Corporation gegenseitigen, d.h. (CESMA-gegenseitige DE ANDALUC\u00cdA Y DE CEUTA, IBERMUTUAMUR, MAC-gegenseitige Unf\u00e4lle der Kanarischen, MC MUTUAL gegenseitige GALLEGA, MUTUALIA, SOLIMAT und Vereinigung der gegenseitigen) k\u00f6nnen austauschbar, je nach Bed\u00fcrfnissen und N\u00e4he, eines dieser Zentren, beantragen, die geh\u00f6ren die verschiedenen gegenseitigen, die die Entit\u00e4t bilden. <\/p>\n<p>In ganz Spanien, gegenseitige Corporation hat fast 380.000 Mitarbeiter und etwa 3.210.000 Abdeckung verleiht Arbeitnehmer. <\/p>\n<p><\/font><\/p>\n","protected":false},"excerpt":{"rendered":"<p>gegenseitige Union erkl\u00e4rt legislative Neuigkeiten f\u00fcr Unternehmer und selbst\u00e4ndige zu studieren und analysieren die Implementierung im Unternehmen -Union der gegenseitigen hat organisiert, im Laufe des Monats M\u00e4rz, insgesamt 21 Tage zur gegenseitigen Firmen und Partner um weitere verst\u00e4ndlichen legislativen Entwicklungen machen die vor kurzem in Kraft getreten sind. -organisiert vom juristischen Dienst des die gegenseitige [&hellip;]<\/p>\n","protected":false},"author":1,"featured_media":0,"comment_status":"close","ping_status":"open","sticky":false,"template":"","format":"standard","meta":{"footnotes":""},"categories":[3],"tags":[12362,12363,12360,12361,12359],"class_list":["post-3854","post","type-post","status-publish","format-standard","hentry","category-allgemeine","tag-analysieren","tag-implementierung","tag-legislative","tag-neuigkeiten","tag-tarragona","et-doesnt-have-format-content","et_post_format-et-post-format-standard"],"_links":{"self":[{"href":"https:\/\/www.best-dentist-dentistry.com\/de\/wp-json\/wp\/v2\/posts\/3854","targetHints":{"allow":["GET"]}}],"collection":[{"href":"https:\/\/www.best-dentist-dentistry.com\/de\/wp-json\/wp\/v2\/posts"}],"about":[{"href":"https:\/\/www.best-dentist-dentistry.com\/de\/wp-json\/wp\/v2\/types\/post"}],"author":[{"embeddable":true,"href":"https:\/\/www.best-dentist-dentistry.com\/de\/wp-json\/wp\/v2\/users\/1"}],"replies":[{"embeddable":true,"href":"https:\/\/www.best-dentist-dentistry.com\/de\/wp-json\/wp\/v2\/comments?post=3854"}],"version-history":[{"count":0,"href":"https:\/\/www.best-dentist-dentistry.com\/de\/wp-json\/wp\/v2\/posts\/3854\/revisions"}],"wp:attachment":[{"href":"https:\/\/www.best-dentist-dentistry.com\/de\/wp-json\/wp\/v2\/media?parent=3854"}],"wp:term":[{"taxonomy":"category","embeddable":true,"href":"https:\/\/www.best-dentist-dentistry.com\/de\/wp-json\/wp\/v2\/categories?post=3854"},{"taxonomy":"post_tag","embeddable":true,"href":"https:\/\/www.best-dentist-dentistry.com\/de\/wp-json\/wp\/v2\/tags?post=3854"}],"curies":[{"name":"wp","href":"https:\/\/api.w.org\/{rel}","templated":true}]}}