{"id":38541,"date":"2013-08-24T02:34:29","date_gmt":"2013-08-24T02:34:29","guid":{"rendered":null},"modified":"-0001-11-30T00:00:00","modified_gmt":"-0001-11-30T00:00:00","slug":"el-salvador-running-first-campaign-against-dengue-to-avoid-rebound","status":"publish","type":"post","link":"https:\/\/www.best-dentist-dentistry.com\/de\/el-salvador-running-first-campaign-against-dengue-to-avoid-rebound\/38541","title":{"rendered":"El Salvador laufen erste Kampagne gegen Dengue Rebound zu vermeiden"},"content":{"rendered":"<p class=\"first\"> <span class=\"yshortcuts\" id=\"lw_1336608754_1\"> San Salvador<\/span>, 9 kann (<span class=\"yshortcuts\" id=\"lw_1336608754_5\"> EFE<\/span>).-<span class=\"yshortcuts\" id=\"lw_1336608754_0\"> das Gesundheitsministerium von El Salvador<\/span> hat der erste Nationalfeiertag gegen Dengue-Fieber, eine Erholung dieser Krankheit zu verhindern, die bisher hat f\u00fchrte zum Tode von Minderj\u00e4hrigen und mehr als tausend im Land infiziert.<\/p>\n<p>Der Tag gegen <span class=\"yshortcuts\" id=\"lw_1336608754_7\"> Dengue-Fieber<\/span> wird durchf\u00fchren, &#8220;drei Tage&#8221;, ab heute und bis Freitag, sagte EfE ein Sprecher f\u00fcr die Gesundheit.<\/p>\n<p>&#8220;Wir sind uns bewusst, dass in der Regenzeit (von Mai bis September) Saison Dengue-Risiko erheblich erh\u00f6ht wird, dann ist das der Grund, warum dieser Tag soll f\u00fcr die Bev\u00f6lkerung aufrufen und wird zusammen mit Ma\u00dfnahmen der Reinigung,&#8221; sagte die Presse Juli <span class=\"yshortcuts\" id=\"lw_1336608754_3\"> B\u00fcchsenmacher<\/span>, Direktor der salvadorianischen <span class=\"yshortcuts\" id=\"lw_1336608754_2\"> Gesundheitsministerium<\/span> Gesundheits\u00fcberwachung.<\/p>\n<p><span class=\"yshortcuts\" id=\"lw_1336608754_6\"> Dengue-Fieber<\/span> ist eine Viruserkrankung, die durch den Stich der M\u00fccke &#8220;Aedes Aegypti&#8221; \u00fcbertragen und vor allem in tropischen und subtropischen L\u00e4ndern aufgezeichnet.<\/p>\n<p>B\u00fcchsenmacher sagte, dass das Land &#8220;eine hohe Auflage von Dengue-Virus&#8221;, da gibt es &#8220;viel Moskito infiziert&#8221;, durch die betont, da\u00df es ist wichtig zu helfen bei der Beseitigung von der Zucht von die Insektenpopulation.<\/p>\n<p>&#8220;Das Problem der Dengue-Fieber ist nicht verantwortlich f\u00fcr eine einzige, sondern der gesamten Bev\u00f6lkerung um Hygiene in ihren H\u00e4usern zu gew\u00e4hrleisten&#8221;, und f\u00fcgte hinzu &#8220;vor allem Kinder sch\u00fctzen, denn sie die schwersten sind&#8221;.<\/p>\n<p>Nach R\u00fcstungsschmied, sieben jeder 10 Menschen, die Dengue-Vertrag sind, Kinder oder Jugendliche.<\/p>\n<p>2011 Bis November, wurden in diesem zentralamerikanischen Land, wenn 6,163 gemeinsame Dengue-F\u00e4lle und 138 von Blutungen, laut offiziellen Berichten.<\/p>\n<p>Wurden in diesem Jahr bisher best\u00e4tigte 1.500 F\u00e4lle von Dengue-Fieber, davon 88 sind &#8220;Ernst&#8221; oder Blutungen, erkl\u00e4rte er die <span class=\"yshortcuts\" id=\"lw_1336608754_4\"> Quelle der Gesundheit<\/span>. EFE<\/p>\n","protected":false},"excerpt":{"rendered":"<p>San Salvador, 9 kann ( EFE).- das Gesundheitsministerium von El Salvador hat der erste Nationalfeiertag gegen Dengue-Fieber, eine Erholung dieser Krankheit zu verhindern, die bisher hat f\u00fchrte zum Tode von Minderj\u00e4hrigen und mehr als tausend im Land infiziert. Der Tag gegen Dengue-Fieber wird durchf\u00fchren, &#8220;drei Tage&#8221;, ab heute und bis Freitag, sagte EfE ein Sprecher [&hellip;]<\/p>\n","protected":false},"author":1,"featured_media":0,"comment_status":"close","ping_status":"open","sticky":false,"template":"","format":"standard","meta":{"footnotes":""},"categories":[3],"tags":[47215,47216],"class_list":["post-38541","post","type-post","status-publish","format-standard","hentry","category-allgemeine","tag-immuntherapien","tag-rebound","et-doesnt-have-format-content","et_post_format-et-post-format-standard"],"_links":{"self":[{"href":"https:\/\/www.best-dentist-dentistry.com\/de\/wp-json\/wp\/v2\/posts\/38541","targetHints":{"allow":["GET"]}}],"collection":[{"href":"https:\/\/www.best-dentist-dentistry.com\/de\/wp-json\/wp\/v2\/posts"}],"about":[{"href":"https:\/\/www.best-dentist-dentistry.com\/de\/wp-json\/wp\/v2\/types\/post"}],"author":[{"embeddable":true,"href":"https:\/\/www.best-dentist-dentistry.com\/de\/wp-json\/wp\/v2\/users\/1"}],"replies":[{"embeddable":true,"href":"https:\/\/www.best-dentist-dentistry.com\/de\/wp-json\/wp\/v2\/comments?post=38541"}],"version-history":[{"count":0,"href":"https:\/\/www.best-dentist-dentistry.com\/de\/wp-json\/wp\/v2\/posts\/38541\/revisions"}],"wp:attachment":[{"href":"https:\/\/www.best-dentist-dentistry.com\/de\/wp-json\/wp\/v2\/media?parent=38541"}],"wp:term":[{"taxonomy":"category","embeddable":true,"href":"https:\/\/www.best-dentist-dentistry.com\/de\/wp-json\/wp\/v2\/categories?post=38541"},{"taxonomy":"post_tag","embeddable":true,"href":"https:\/\/www.best-dentist-dentistry.com\/de\/wp-json\/wp\/v2\/tags?post=38541"}],"curies":[{"name":"wp","href":"https:\/\/api.w.org\/{rel}","templated":true}]}}