{"id":38551,"date":"2013-08-24T02:37:02","date_gmt":"2013-08-24T02:37:02","guid":{"rendered":null},"modified":"-0001-11-30T00:00:00","modified_gmt":"-0001-11-30T00:00:00","slug":"andalusian-board-asks-the-government-to-reconsider-the-health-decree-and-to-ensure-attention-to-all-persons","status":"publish","type":"post","link":"https:\/\/www.best-dentist-dentistry.com\/de\/andalusian-board-asks-the-government-to-reconsider-the-health-decree-and-to-ensure-attention-to-all-persons\/38551","title":{"rendered":"Andalusische Board fordert die Regierung auf, &#8220;die Gesundheit Dekret zu \u00fcberdenken&#8221; und die Aufmerksamkeit auf alle Personen zu gew\u00e4hrleisten"},"content":{"rendered":"<p class=\"first\"> SEVILLA, 17 (EUROPA PRESS)<\/p>\n<p>La Junta de Andaluc\u00eda wurde verschoben auf Donnerstag an die Regierung gemacht f\u00fcr alle Personen mit Wohnsitz in diesem Land \u00fcber die Zusammenarbeit bei der Suche nach L\u00f6sungen f\u00fcr das Gesundheitssystem zu der Zeit, die ihn gebeten, die Bestimmungen des K\u00f6niglichen Dekrets \u00fcber dringende Ma\u00dfnahmen zur Sicherstellung der Nachhaltigkeit des \u00f6ffentlichen Gesundheitswesens (SNS) Gew\u00e4hrleistung &#8220;Gesundheitswesen&#8221; zu \u00fcberdenken.<\/p>\n<p>So dass es der Generaldirektor einer Koordination der wandernden ender Roc\u00edo Palacios, verteidigt hat,, zusammen mit Murcia vertreten hat, statt Autonome Regionen auf dem Forum f\u00fcr die soziale Integration von Zuwanderern am Donnerstag dieser Woche des Generalsekretariats f\u00fcr Einwanderung und Auswanderung, abh\u00e4ngig von dem Ministerium f\u00fcr Arbeit und soziale Sicherheit, wo sie sind integrierte Verwaltungen, Organisationen und Agenten, die die Welt der Migration funktionieren.<\/p>\n<p>Auf diese Weise sagte Palacios Europa Press, die in diesem Zitat den Inhalt des K\u00f6niglichen Dekrets Gesundheitsma\u00dfnahmen, wurde heute zur gleichen Zeit in die Abgeordnetenkammer gew\u00e4hlt ist. Daher darauf hingewiesen, bewegten w\u00e4hrend der intensiven Debatte Mitglieder des Forums Regierung seine &#8220;Unzufriedenheit&#8221; bis f\u00fcr die Diskussion \u00fcber das K\u00f6nigliche Dekret, wenn Publikum vor dem Forum des Textes als die Gesetze der gleichen Marke zu geben. <\/p>\n<p>In diesem Sinne erinnert daran, dass &#8220;Wenn es eine \u00c4nderung oder Erlass einer Norm durch den Staat \u00fcber die soziale Integration von Menschen, das f\u00fcr die Pr\u00fcfung des Forums verfasst werden muss, und in diesem Fall es nicht war so&#8221;. Laut Palacios hat die Regierung f\u00fcr &#8220;die Dringlichkeit der Ma\u00dfnahmen&#8221; entschuldigt. <\/p>\n<p>W\u00e4hrend der Debatte hat die Haltung der andalusischen Regierung in Zusammenarbeit mit der zentralen Exekutive und gleichzeitig der &#8220;Ablehnung&#8221; des Dekrets, von Palacios verteidigt, weil er glaubt, dass &#8220;die einzige R\u00fccknahme der Rechte des Gesundheitswesens an Personen Einwanderer in einer regelwidrigen Lage nicht nur Ihre Gesundheit, sondern auch der Bev\u00f6lkerung im allgemeinen gef\u00e4hrde&#8221;.<\/p>\n<p>RECHTSFORMEL darauf achten, in Andalusien<\/p>\n<p>Online, Palacios bestand darauf, dass Andalusien, zusammen mit anderen Gemeinschaften wie den Kanarischen Inseln, Navarra, Katalonien und Baskenland, &#8220;wir, im Rahmen von Kompetenzen der Gemeinschaften, die juristische Formel studieren um zu sehen, dass die Ma\u00dfnahme Gesundheit irregul\u00e4re Migranten unterst\u00fctzen kann&#8221;.<\/p>\n<p>Daher hat der Vertreter von Andalusien und andere Gemeinschaften forderte die Regierung auf seine Position &#8220;reconsider&#8221; und &#8220;neigten Sie die Hand&#8221; Wege finden, die gute F\u00fchrung des NHS, sondern auch garantiert &#8220;Gesundheitsversorgung&#8221; alle Personen ihren Wohnsitz in dem Land gew\u00e4hrleisten.<\/p>\n<p>Auf der anderen Seite Roc\u00edo Palacios sagte, dass auch bei der Entwicklung des Forums hat einen Bericht \u00fcber die Situation der ausl\u00e4ndischen Bev\u00f6lkerung, &#8220;das Ministerium f\u00fcr Besch\u00e4ftigung und soziale Sicherheit wollte nicht zustimmen, da es einem Abschnitt \u00fcber die Gesundheit dieser Gruppe, die enth\u00e4lt einen Appell, enthalten damit, da\u00df es die Ma\u00dfnahmen des K\u00f6niglichen Dekrets \u00fcberdenkt&#8221;.<\/p>\n<p>, Forum, Beratung, Informationen und Beratung im Bereich der Integration von Einwanderern ist angeschlossen an das Ministerium f\u00fcr Besch\u00e4ftigung und soziale Sicherheit durch das Generalsekretariat f\u00fcr Einwanderung und Auswanderung, hat beschlossen, die spezielle auf das K\u00f6nigliche Dekret nach Palacios, telefonieren die Sitzung am Donnerstag &#8220;beschr\u00e4nkt und schr\u00e4nkt die Befugnisse des ForumsSo musste das Dekret zu analysieren, als auf dem Kongress genehmigt. <\/p>\n<p>Auf der anderen Seite der Generaldirektor einer Koordination der wandernden des Vorstands hat darauf bestanden, dass Andalusien &#8220;k\u00e4mpfen, seit Zust\u00e4ndigkeitsbereich, um jede Person mit Wohnsitz in der Gemeinschaft-Gesundheitsversorgung zu machen&#8221; und erinnerte daran, dass die Position der andalusischen Beh\u00f6rden &#8220;ausgestreckte Hand&#8221; nach L\u00f6sungen suchen, die die NHS und Menschen profitieren werden.<\/p>\n<p>Schlie\u00dflich ergab sein Vertrauen, dass &#8220;wird \u00fcberdenken&#8221; misst und sind auf der Suche nach &#8220;eine Vereinbarung mit den Fraktionen und Vertretern der Zivilgesellschaft,&#8221;, wie es in einem Staat wie diese Frage notwendig ist.    <\/p>\n","protected":false},"excerpt":{"rendered":"<p>SEVILLA, 17 (EUROPA PRESS) La Junta de Andaluc\u00eda wurde verschoben auf Donnerstag an die Regierung gemacht f\u00fcr alle Personen mit Wohnsitz in diesem Land \u00fcber die Zusammenarbeit bei der Suche nach L\u00f6sungen f\u00fcr das Gesundheitssystem zu der Zeit, die ihn gebeten, die Bestimmungen des K\u00f6niglichen Dekrets \u00fcber dringende Ma\u00dfnahmen zur Sicherstellung der Nachhaltigkeit des \u00f6ffentlichen [&hellip;]<\/p>\n","protected":false},"author":1,"featured_media":0,"comment_status":"close","ping_status":"open","sticky":false,"template":"","format":"standard","meta":{"footnotes":""},"categories":[3],"tags":[47219],"class_list":["post-38551","post","type-post","status-publish","format-standard","hentry","category-allgemeine","tag-airline-emissionsdaten","et-doesnt-have-format-content","et_post_format-et-post-format-standard"],"_links":{"self":[{"href":"https:\/\/www.best-dentist-dentistry.com\/de\/wp-json\/wp\/v2\/posts\/38551","targetHints":{"allow":["GET"]}}],"collection":[{"href":"https:\/\/www.best-dentist-dentistry.com\/de\/wp-json\/wp\/v2\/posts"}],"about":[{"href":"https:\/\/www.best-dentist-dentistry.com\/de\/wp-json\/wp\/v2\/types\/post"}],"author":[{"embeddable":true,"href":"https:\/\/www.best-dentist-dentistry.com\/de\/wp-json\/wp\/v2\/users\/1"}],"replies":[{"embeddable":true,"href":"https:\/\/www.best-dentist-dentistry.com\/de\/wp-json\/wp\/v2\/comments?post=38551"}],"version-history":[{"count":0,"href":"https:\/\/www.best-dentist-dentistry.com\/de\/wp-json\/wp\/v2\/posts\/38551\/revisions"}],"wp:attachment":[{"href":"https:\/\/www.best-dentist-dentistry.com\/de\/wp-json\/wp\/v2\/media?parent=38551"}],"wp:term":[{"taxonomy":"category","embeddable":true,"href":"https:\/\/www.best-dentist-dentistry.com\/de\/wp-json\/wp\/v2\/categories?post=38551"},{"taxonomy":"post_tag","embeddable":true,"href":"https:\/\/www.best-dentist-dentistry.com\/de\/wp-json\/wp\/v2\/tags?post=38551"}],"curies":[{"name":"wp","href":"https:\/\/api.w.org\/{rel}","templated":true}]}}