{"id":38593,"date":"2013-08-24T02:43:08","date_gmt":"2013-08-24T02:43:08","guid":{"rendered":null},"modified":"-0001-11-30T00:00:00","modified_gmt":"-0001-11-30T00:00:00","slug":"indians-accuse-morales-of-violating-human-rights-in-a-meeting-with-insulza","status":"publish","type":"post","link":"https:\/\/www.best-dentist-dentistry.com\/de\/indians-accuse-morales-of-violating-human-rights-in-a-meeting-with-insulza\/38593","title":{"rendered":"Indianer beschuldigen Morales zur Verletzung der Menschenrechte in einem Treffen mit Insulzas"},"content":{"rendered":"<p class=\"first\"> Cochabamba (Bolivien), 3 jun (EFE).-die Ureinwohner Bolivien marschieren des Amazonas nach La Paz gegen eine Stra\u00dfe in der Tipnis-Park heute beschuldigt den Pr\u00e4sidenten Evo Morales, der Verletzung ihrer Rechte und diejenigen der anderen Bolivianer in Treffen mit dem Generalsekret\u00e4r der OAS, Jos\u00e9 Miguel Insulzas.<\/p>\n<p>Native F\u00fchrer Adolfo Ch\u00e1vez, Fernando Vargas, Rafael Quispe u.a. traf sich mit Insulzas f\u00fcr mehr als eine Stunde bei der Hotel Cochabamba, wo in den n\u00e4chsten paar Stunden werden, die 42a. Versammlung der regionalen Stelle installiert.<\/p>\n<p>Vargas, Anf\u00fchrer der ethnischen Gruppen des Territoriums Ind\u00edgena Isiboro S\u00e9cure Nationalpark (Tipnis), berichtete, dass er zu Insulzas erkl\u00e4rte, &#8220;dass die Rechte der indigenen V\u00f6lker und auch das bolivianische Volk dieser Regierung verletzt werden&#8221; weil niemand etwas gegen sagen kann, da sie verfolgt und belangt.<\/p>\n<p>&#8220;Ist nicht hier speziell an ein Projekt der Stra\u00dfe, sondern das Leben der indigenen V\u00f6lker diese Verletzung, die wir leiden haben&#8221;, betonte den F\u00fchrer, der einen Marsch nach La Paz auf Nachfrage Morales leitete, die nicht auf der Arbeit bestehen, die die brasilianische Firma OAS gebaut.<\/p>\n<p>Ist die zweite Mobilisierung der indigenen V\u00f6lker des Amazonas in weniger als einem Jahr, zwischen August und Oktober 2011 der erste gedr\u00fcckten Morales ein Gesetz zu erlassen, die die Stra\u00dfe verbietet, die der Pr\u00e4sident dann bereut.<\/p>\n<p>Nach Vargas, Insulzas versprach, sie zu Fragen der Regierung Morales auf den Untersuchungen von bisher \u00fcber die brutale Polizei-Repressionen, denen von den Indianern am 25. September, w\u00e4hrend der ersten M\u00e4rz meldet.<\/p>\n<p>F\u00fcgte hinzu, dass die Regierung &#8220;bisher nichts&#8221; getan hat, zu kl\u00e4ren, warum gab es diese Operation mit mehreren R\u00fccktritten in den Ministerien Regierung und Verteidigung in einer Krise Kabinett gef\u00fchrt.<\/p>\n<p>Die Amazonas ethnischen Gruppen argumentieren, dass Tipnis eine \u00f6kologische Reserve an preisg\u00fcnstigen durch seine au\u00dfergew\u00f6hnliche Flora und Fauna, und l\u00e4uft Gefahr, von den Anbauern der Coca, Rohmaterial von Kokain in der Umgebung von Chapare, politische und gewerkschaftliche Bastion von Morales \u00fcberfallen wird.<\/p>\n<p>&#8220;\u00dcber das Thema des Parks erz\u00e4hlt Front es eine Verletzung der Rechte ist. Es mu\u00df der Garant f\u00fcr diese Rechte&#8221;, sagte Quispe, f\u00fcgte hinzu, dass Insulzas mitverantwortlich f\u00fcr den Schutz ihrer Rechte werden.<\/p>\n<p>Indigene F\u00fchrer hinzugef\u00fcgt, die sie, Insulzas, die der Interamerikanischen Kommission f\u00fcr Menschenrechte (IACHR) erhalten sie w\u00e4hrend der 42. Versammlung, die bis Dienstag weiterhin angefordert haben, um ihre Forderungen zu erkl\u00e4ren.<\/p>\n","protected":false},"excerpt":{"rendered":"<p>Cochabamba (Bolivien), 3 jun (EFE).-die Ureinwohner Bolivien marschieren des Amazonas nach La Paz gegen eine Stra\u00dfe in der Tipnis-Park heute beschuldigt den Pr\u00e4sidenten Evo Morales, der Verletzung ihrer Rechte und diejenigen der anderen Bolivianer in Treffen mit dem Generalsekret\u00e4r der OAS, Jos\u00e9 Miguel Insulzas. Native F\u00fchrer Adolfo Ch\u00e1vez, Fernando Vargas, Rafael Quispe u.a. traf sich [&hellip;]<\/p>\n","protected":false},"author":1,"featured_media":0,"comment_status":"close","ping_status":"open","sticky":false,"template":"","format":"standard","meta":{"footnotes":""},"categories":[3],"tags":[47225],"class_list":["post-38593","post","type-post","status-publish","format-standard","hentry","category-allgemeine","tag-amazon-kinder","et-doesnt-have-format-content","et_post_format-et-post-format-standard"],"_links":{"self":[{"href":"https:\/\/www.best-dentist-dentistry.com\/de\/wp-json\/wp\/v2\/posts\/38593","targetHints":{"allow":["GET"]}}],"collection":[{"href":"https:\/\/www.best-dentist-dentistry.com\/de\/wp-json\/wp\/v2\/posts"}],"about":[{"href":"https:\/\/www.best-dentist-dentistry.com\/de\/wp-json\/wp\/v2\/types\/post"}],"author":[{"embeddable":true,"href":"https:\/\/www.best-dentist-dentistry.com\/de\/wp-json\/wp\/v2\/users\/1"}],"replies":[{"embeddable":true,"href":"https:\/\/www.best-dentist-dentistry.com\/de\/wp-json\/wp\/v2\/comments?post=38593"}],"version-history":[{"count":0,"href":"https:\/\/www.best-dentist-dentistry.com\/de\/wp-json\/wp\/v2\/posts\/38593\/revisions"}],"wp:attachment":[{"href":"https:\/\/www.best-dentist-dentistry.com\/de\/wp-json\/wp\/v2\/media?parent=38593"}],"wp:term":[{"taxonomy":"category","embeddable":true,"href":"https:\/\/www.best-dentist-dentistry.com\/de\/wp-json\/wp\/v2\/categories?post=38593"},{"taxonomy":"post_tag","embeddable":true,"href":"https:\/\/www.best-dentist-dentistry.com\/de\/wp-json\/wp\/v2\/tags?post=38593"}],"curies":[{"name":"wp","href":"https:\/\/api.w.org\/{rel}","templated":true}]}}