{"id":38594,"date":"2013-08-24T02:43:12","date_gmt":"2013-08-24T02:43:12","guid":{"rendered":null},"modified":"-0001-11-30T00:00:00","modified_gmt":"-0001-11-30T00:00:00","slug":"president-of-ecuador-arrives-in-bolivia-to-participate-in-oas-assembly","status":"publish","type":"post","link":"https:\/\/www.best-dentist-dentistry.com\/de\/president-of-ecuador-arrives-in-bolivia-to-participate-in-oas-assembly\/38594","title":{"rendered":"Pr\u00e4sident von Ecuador kommt in Bolivien zur Teilnahme an OAS Versammlung"},"content":{"rendered":"<p class=\"first\"> <span class=\"yshortcuts\" id=\"lw_1338810725_6\"> Cochabamba<\/span> (<span class=\"yshortcuts\" id=\"lw_1338810725_8\"> Bolivien<\/span>), 3 jun (<span class=\"yshortcuts\" id=\"lw_1338810725_4\"> EFE<\/span>).-<span class=\"yshortcuts\" id=\"lw_1338810725_3\"> Der Pr\u00e4sident von Ecuador<\/span>, <span class=\"yshortcuts\" id=\"lw_1338810725_0\"> Rafael Correa<\/span>, kam in den fr\u00fchen Morgenstunden von heute zu der bolivianischen Stadt Cochabamba, 42 die <span class=\"yshortcuts\" id=\"lw_1338810725_1\"> OAS<\/span>-Versammlung zu verteidigen, seinen Vorschlag zur reform des <span class=\"yshortcuts\" id=\"lw_1338810725_5\"> Interamerikanische Menschenrechtssystem<\/span> einzugreifen.<\/p>\n<p>Von der bolivianischen Au\u00dfenministerium Quelle sagte Efe, die Correa treffen sich fr\u00fch mit Pr\u00e4sident <span class=\"yshortcuts\" id=\"lw_1338810725_2\"> Evo Morales<\/span>, der ihn an die Au\u00dfenminister treffen, er\u00f6ffnet am Sonntag Abend einlud, und dann in den ersten Sitzungen der Diskussionen auf dem Regionalforum teilnehmen.<\/p>\n<p>Die Versammlung wurde einberufen, um zu besprechen, Hunger und Unterern\u00e4hrung in der Region, die Auswirkungen auf 53 Millionen Lateinamerikas und der Karibik, sondern in vorangegangenen Debatten haben vor allem die m\u00f6gliche Reform des Interamerikanischen Systems der Menschenrechte, die geforderten Correa und seine Verb\u00fcndeten dominiert.<\/p>\n<p>Der ecuadorianische Pr\u00e4sident hat erwartet, dass Bolivien &#8220;in Place&#8221; setzen die internationalen B\u00fcrokratie zu besuchen.<\/p>\n<p>&#8220;Wir entschieden zur Teilnahme an <span class=\"yshortcuts\"id=\"lw_1338810725_7\"> der Versammlung<\/span> der OAS, auf Ihrer Website zu bestimmten internationalen B\u00fcrokratie glaubte \u00fcber unsere Staaten zu setzen&#8221;, sagte der ecuadorianische Pr\u00e4sident.<\/p>\n<p>Sein Au\u00dfenminister Ricardo Pati\u00f1o, <\/p>\n<p>Stunden sagte, bevor &#8220;die OAS erfindet sich neu, oder verschwindet. Es hat keine andere M\u00f6glichkeit,&#8221;.<\/p>\n<p>&#8220;Mit progressiven Regierungen in Lateinamerika gibt es die OAS auch fortgesetzt werden kann. Ist dazu bestimmt, die verschwinden, wenn es seine Neuerfindung akzeptiert &#8220;, sagte der Minister.<\/p>\n<p>Bei der Er\u00f6ffnung des Forums, Morales verlangte, dass der Interamerikanischen Kommission f\u00fcr Menschenrechte auch USA \u00fcberwachen oder, falls nicht, &#8220;Best, die verschwinden&#8221;.<\/p>\n<p>Morales sagte, dass dieser Ausschuss &#8220;nur sehen das Problem der Menschenrechte in einigen L\u00e4ndern, wo der Pr\u00e4sident, die Regierung teilt nicht die Politik der Regierung der Vereinigten Staaten&#8221;, in Anspielung auf seine Verb\u00fcndeten in die Bolivarianische Allianz (Alba), insbesondere in Ecuador und Venezuela. EFE<\/p>\n<p>ja\/bin\/Rml<\/p>\n","protected":false},"excerpt":{"rendered":"<p>Cochabamba ( Bolivien), 3 jun ( EFE).- Der Pr\u00e4sident von Ecuador, Rafael Correa, kam in den fr\u00fchen Morgenstunden von heute zu der bolivianischen Stadt Cochabamba, 42 die OAS-Versammlung zu verteidigen, seinen Vorschlag zur reform des Interamerikanische Menschenrechtssystem einzugreifen. Von der bolivianischen Au\u00dfenministerium Quelle sagte Efe, die Correa treffen sich fr\u00fch mit Pr\u00e4sident Evo Morales, der [&hellip;]<\/p>\n","protected":false},"author":1,"featured_media":0,"comment_status":"close","ping_status":"open","sticky":false,"template":"","format":"standard","meta":{"footnotes":""},"categories":[3],"tags":[47225],"class_list":["post-38594","post","type-post","status-publish","format-standard","hentry","category-allgemeine","tag-amazon-kinder","et-doesnt-have-format-content","et_post_format-et-post-format-standard"],"_links":{"self":[{"href":"https:\/\/www.best-dentist-dentistry.com\/de\/wp-json\/wp\/v2\/posts\/38594","targetHints":{"allow":["GET"]}}],"collection":[{"href":"https:\/\/www.best-dentist-dentistry.com\/de\/wp-json\/wp\/v2\/posts"}],"about":[{"href":"https:\/\/www.best-dentist-dentistry.com\/de\/wp-json\/wp\/v2\/types\/post"}],"author":[{"embeddable":true,"href":"https:\/\/www.best-dentist-dentistry.com\/de\/wp-json\/wp\/v2\/users\/1"}],"replies":[{"embeddable":true,"href":"https:\/\/www.best-dentist-dentistry.com\/de\/wp-json\/wp\/v2\/comments?post=38594"}],"version-history":[{"count":0,"href":"https:\/\/www.best-dentist-dentistry.com\/de\/wp-json\/wp\/v2\/posts\/38594\/revisions"}],"wp:attachment":[{"href":"https:\/\/www.best-dentist-dentistry.com\/de\/wp-json\/wp\/v2\/media?parent=38594"}],"wp:term":[{"taxonomy":"category","embeddable":true,"href":"https:\/\/www.best-dentist-dentistry.com\/de\/wp-json\/wp\/v2\/categories?post=38594"},{"taxonomy":"post_tag","embeddable":true,"href":"https:\/\/www.best-dentist-dentistry.com\/de\/wp-json\/wp\/v2\/tags?post=38594"}],"curies":[{"name":"wp","href":"https:\/\/api.w.org\/{rel}","templated":true}]}}