{"id":38595,"date":"2013-08-24T02:43:22","date_gmt":"2013-08-24T02:43:22","guid":{"rendered":null},"modified":"-0001-11-30T00:00:00","modified_gmt":"-0001-11-30T00:00:00","slug":"chancellor-of-ecuador-says-reinvents-itself-and-the-oas-or-oas-will-disappear","status":"publish","type":"post","link":"https:\/\/www.best-dentist-dentistry.com\/de\/chancellor-of-ecuador-says-reinvents-itself-and-the-oas-or-oas-will-disappear\/38595","title":{"rendered":"Kanzler von Ecuador sagt &#8220;erfindet sich und die OAS oder OAS verschwinden&#8221;"},"content":{"rendered":"<p class=\"first\"> Cochabamba (Bolivien), 3 jun (EFE).-<span class=\"yshortcuts\" id=\"lw_1338753854_1\"> Ecuadors Au\u00dfenminister<\/span>, <span class=\"yshortcuts\" id=\"lw_1338753854_3\"> Ricardo Pati\u00f1o<\/span>, sagte heute, dass &#8220;die OAS erfindet sich neu oder es wird verschwinden&#8221; und best\u00e4tigte, dass seinen Pr\u00e4sidenten, Rafael Correa, morgen in Bolivien, in der 42 Versammlung des K\u00f6rpers, die System\u00e4nderungen Interamerikanische Menschenrechte verteidigen werden.<\/p>\n<p>&#8220;Erfindet sich und die OAS oder OAS verschwindet. Es hat keinen anderen Weg, &#8220;sagte Pati\u00f1o f\u00fcr durchschnittliche Bolivianer w\u00e4hrend der Einweihung eines Sozialforums des bolivianischen Pr\u00e4sidenten Evo Morales, in der zentralen Stadt Cochabamba, Sitz der Versammlung.<\/p>\n<p>&#8220;Mit progressiven Regierungen in Lateinamerika gibt es die OAS auch fortgesetzt werden kann. Ist bestimmt um zu verschwinden, es sei denn, Sie ihre Neuerfindung akzeptieren &#8220;hinzugef\u00fcgt.<\/p>\n<p>Correa plant zu kommen, um diese Stadt in den fr\u00fchen Morgenstunden des Montag, nach Einladung von Morales.<\/p>\n<p>Der ecuadorianische Pr\u00e4sident &#8220;wird zu erkl\u00e4ren, weil wir fordern von der OAS und das Interamerikanische System der Menschenrechte die grundlegenden \u00c4nderungen, die auftreten,&#8221; sagte Patino.<\/p>\n<p>&#8220;<\/p>\n<p>Er f\u00fcgte hinzu, dass der Vorschlag, dass System F\u00f6rderer der sozialen und kollektiven Rechte der V\u00f6lker werden, weil nicht nur die Person, die auch sie zu verteidigen, muss respektieren, ja&#8221;.<\/p>\n<p>Sagte, &#8220;die Werteskala der OAS hat auf eine andere Weise definiert werden, und das ist, was wir gefordert haben,&#8221;.<\/p>\n<p>Die Unterschiede zwischen &#8220;die Millionen von Dollar&#8221;, die der Berichterstatter zugewiesen sind, das Recht auf freie Meinungs\u00e4u\u00dferung, verteidigt, sagte &#8220;das ist wirklich in der Verteidigung der einige Massenmedien&#8221;, und eine Kommission, die f\u00fcr indigene Fragen ber\u00fchrt, die &#8220;$20.000&#8221; hat.<\/p>\n<p>Insisted, die &#8220;soziale, wirtschaftliche, grundlegende&#8221; Rechte der Gesellschaft und das Kollektiv, z. B. im Zusammenhang mit Bildung, Gesundheit und soziale Integration, nicht vertreten, dass das Interamerikanische System der Menschenrechte.<\/p>\n<p>&#8220;Jeder wei\u00df, was passieren kann, wenn man zu Hause zu ignorieren. Normalerweise verl\u00e4sst das Haus&#8221;, gewarnt Pati\u00f1o, konsultiert zu werden, was passieren wird, wenn es nicht akzeptiert die Nachfrage nach Ecuador in der OAS. EFE<\/p>\n<p>ja\/bin\/Lnm<\/p>\n","protected":false},"excerpt":{"rendered":"<p>Cochabamba (Bolivien), 3 jun (EFE).- Ecuadors Au\u00dfenminister, Ricardo Pati\u00f1o, sagte heute, dass &#8220;die OAS erfindet sich neu oder es wird verschwinden&#8221; und best\u00e4tigte, dass seinen Pr\u00e4sidenten, Rafael Correa, morgen in Bolivien, in der 42 Versammlung des K\u00f6rpers, die System\u00e4nderungen Interamerikanische Menschenrechte verteidigen werden. &#8220;Erfindet sich und die OAS oder OAS verschwindet. Es hat keinen anderen [&hellip;]<\/p>\n","protected":false},"author":1,"featured_media":0,"comment_status":"close","ping_status":"open","sticky":false,"template":"","format":"standard","meta":{"footnotes":""},"categories":[3],"tags":[47225],"class_list":["post-38595","post","type-post","status-publish","format-standard","hentry","category-allgemeine","tag-amazon-kinder","et-doesnt-have-format-content","et_post_format-et-post-format-standard"],"_links":{"self":[{"href":"https:\/\/www.best-dentist-dentistry.com\/de\/wp-json\/wp\/v2\/posts\/38595","targetHints":{"allow":["GET"]}}],"collection":[{"href":"https:\/\/www.best-dentist-dentistry.com\/de\/wp-json\/wp\/v2\/posts"}],"about":[{"href":"https:\/\/www.best-dentist-dentistry.com\/de\/wp-json\/wp\/v2\/types\/post"}],"author":[{"embeddable":true,"href":"https:\/\/www.best-dentist-dentistry.com\/de\/wp-json\/wp\/v2\/users\/1"}],"replies":[{"embeddable":true,"href":"https:\/\/www.best-dentist-dentistry.com\/de\/wp-json\/wp\/v2\/comments?post=38595"}],"version-history":[{"count":0,"href":"https:\/\/www.best-dentist-dentistry.com\/de\/wp-json\/wp\/v2\/posts\/38595\/revisions"}],"wp:attachment":[{"href":"https:\/\/www.best-dentist-dentistry.com\/de\/wp-json\/wp\/v2\/media?parent=38595"}],"wp:term":[{"taxonomy":"category","embeddable":true,"href":"https:\/\/www.best-dentist-dentistry.com\/de\/wp-json\/wp\/v2\/categories?post=38595"},{"taxonomy":"post_tag","embeddable":true,"href":"https:\/\/www.best-dentist-dentistry.com\/de\/wp-json\/wp\/v2\/tags?post=38595"}],"curies":[{"name":"wp","href":"https:\/\/api.w.org\/{rel}","templated":true}]}}