{"id":38605,"date":"2013-08-24T02:44:40","date_gmt":"2013-08-24T02:44:40","guid":{"rendered":null},"modified":"-0001-11-30T00:00:00","modified_gmt":"-0001-11-30T00:00:00","slug":"more-than-250-dentists-participate-in-valencia-in-the-12th-national-congress-of-the-spanish-society-of-e","status":"publish","type":"post","link":"https:\/\/www.best-dentist-dentistry.com\/de\/more-than-250-dentists-participate-in-valencia-in-the-12th-national-congress-of-the-spanish-society-of-e\/38605","title":{"rendered":"Mehr als 250 Zahn\u00e4rzte beteiligt in Valencia im 12. Nationalkongress der spanischen Gesellschaft von e"},"content":{"rendered":"<p class=\"first\"> VALENCIA, 7 (EUROPA PRESS)<\/p>\n<p>Der <span class=\"yshortcuts\" id=\"lw_1339088172_0\"> Stadt Valencia<\/span> hostet die XII-Kongress der <span class=\"yshortcuts\" id=\"lw_1339088172_3\"> spanischen Gesellschaft<\/span> von e, die in diesem Jahr vereint mehr als 250 Experten, zwischen Donnerstag und Samstag, die die neuesten wissenschaftlichen zur Behandlung der oralen Gesundheit des \u00e4lteren Patienten behandelt werden, wie er der UTSCH-CEU in einer Anweisung angegeben hat.<\/p>\n<p>Die besten Profis, Lehrer und Forscher im Gesundheitswesen oral kommen zusammen an diesem Treffen zu bestimmten diskutieren in e-zahn\u00e4rztliche Behandlung, die Pathologie der Mukosa im \u00e4lteren Patienten, Gesichtschirurgie Chirurgie, Implantat und Restauration in der \u00e4ltere Menschen und \u00dcberlegungen in zahn\u00e4rztliche Versorgung f\u00fcr die Patienten mit kognitiven St\u00f6rungen.<\/p>\n<p>The XII-Kongress der Gesellschaft Spanisch e pr\u00e4sentierte am Donnerstag dieser Woche an der CEU Cardenal Herrera Universit\u00e4t mit Unterst\u00fctzung des Pr\u00e4sidenten der spanischen Gesellschaft e (Seer), Andrew White Carri\u00f3n, der Dekan der Zahnmedizin an der CEU &#8211; UCH, Jos\u00e9 Cabanes Vila und dem Vorsitzenden des zw\u00f6lften Kongresses der Seger und Professor der CEU-UCH, Celia hat Fernandez.<\/p>\n<p>Dieses nationale treffen wird von der Universidad CEU Cardenal Herrera, die Gastgeber der Preconference Sessions am Nachmittag unterst\u00fctzt. Am Freitag und Samstag, wird der Kongress im Hotel Primus Valencia weiter.<\/p>\n<p>Diese wissenschaftliche Veranstaltung deckt sich mit der Ankunft von den Dentibus, Zahnklinik, installiert auf einem Bus Unternehmen ALSA und gesponsert von der Rat-General der Zahn\u00e4rzte aus Spanien, bleibt in diesen Tagen in Valencia.<\/p>\n<p>In Dentibus freie m\u00fcndliche Revisionen erfolgt bei \u00e4lteren Personen, mit dem Ziel der F\u00f6rderung der Mundgesundheit und Ihren m\u00fcndlichen Zustand, einschlie\u00dflich pr\u00e4maligne, b\u00f6sartige Hautver\u00e4nderungen oder Syndrome des trockenen Mund zu diagnostizieren.<\/p>\n<p>W\u00e4hrend der 8. und 9. Juni Scans an verschiedenen Orten der Stadt Valencia in Zusammenarbeit mit der Abteilung f\u00fcr Soziales des Stadtrats von Valencia durchgef\u00fchrt werden. Diese mobile Klinik reist nach Spanien f\u00fcr vier Monate des Jahres. Seine Arbeit ist die F\u00f6rderung der Gesundheit oral, bei dieser Gelegenheit zeitgleich mit den 12. Kongress der Gesellschaft Spanisch von e, bei \u00e4lteren Menschen.  <\/p>\n","protected":false},"excerpt":{"rendered":"<p>VALENCIA, 7 (EUROPA PRESS) Der Stadt Valencia hostet die XII-Kongress der spanischen Gesellschaft von e, die in diesem Jahr vereint mehr als 250 Experten, zwischen Donnerstag und Samstag, die die neuesten wissenschaftlichen zur Behandlung der oralen Gesundheit des \u00e4lteren Patienten behandelt werden, wie er der UTSCH-CEU in einer Anweisung angegeben hat. Die besten Profis, Lehrer [&hellip;]<\/p>\n","protected":false},"author":1,"featured_media":0,"comment_status":"close","ping_status":"open","sticky":false,"template":"","format":"standard","meta":{"footnotes":""},"categories":[3],"tags":[47225],"class_list":["post-38605","post","type-post","status-publish","format-standard","hentry","category-allgemeine","tag-amazon-kinder","et-doesnt-have-format-content","et_post_format-et-post-format-standard"],"_links":{"self":[{"href":"https:\/\/www.best-dentist-dentistry.com\/de\/wp-json\/wp\/v2\/posts\/38605","targetHints":{"allow":["GET"]}}],"collection":[{"href":"https:\/\/www.best-dentist-dentistry.com\/de\/wp-json\/wp\/v2\/posts"}],"about":[{"href":"https:\/\/www.best-dentist-dentistry.com\/de\/wp-json\/wp\/v2\/types\/post"}],"author":[{"embeddable":true,"href":"https:\/\/www.best-dentist-dentistry.com\/de\/wp-json\/wp\/v2\/users\/1"}],"replies":[{"embeddable":true,"href":"https:\/\/www.best-dentist-dentistry.com\/de\/wp-json\/wp\/v2\/comments?post=38605"}],"version-history":[{"count":0,"href":"https:\/\/www.best-dentist-dentistry.com\/de\/wp-json\/wp\/v2\/posts\/38605\/revisions"}],"wp:attachment":[{"href":"https:\/\/www.best-dentist-dentistry.com\/de\/wp-json\/wp\/v2\/media?parent=38605"}],"wp:term":[{"taxonomy":"category","embeddable":true,"href":"https:\/\/www.best-dentist-dentistry.com\/de\/wp-json\/wp\/v2\/categories?post=38605"},{"taxonomy":"post_tag","embeddable":true,"href":"https:\/\/www.best-dentist-dentistry.com\/de\/wp-json\/wp\/v2\/tags?post=38605"}],"curies":[{"name":"wp","href":"https:\/\/api.w.org\/{rel}","templated":true}]}}