{"id":38618,"date":"2013-08-24T02:46:12","date_gmt":"2013-08-24T02:46:12","guid":{"rendered":null},"modified":"-0001-11-30T00:00:00","modified_gmt":"-0001-11-30T00:00:00","slug":"the-eu-comes-aware-of-their-problems-and-will-ask-for-more-support-for-the-recovery","status":"publish","type":"post","link":"https:\/\/www.best-dentist-dentistry.com\/de\/the-eu-comes-aware-of-their-problems-and-will-ask-for-more-support-for-the-recovery\/38618","title":{"rendered":"Die EU kommt ihrer Probleme bewusst und fragt nach mehr Unterst\u00fctzung bei der Beitreibung"},"content":{"rendered":"<p class=\"first\"> Br\u00fcssel, 11 jun (EFE).-die EU kommt auf dem G20-Gipfel bewusst, dass Partner ihm fordern werden mehr Entschlossenheit und Dringlichkeit zur L\u00f6sung der Krise in der Eurozone, sondern auch will, das klare Bekenntnis zur aufstrebenden zu erreichen und Industriel\u00e4ndern mit Unterst\u00fctzung f\u00fcr die wirtschaftliche Erholung.<\/p>\n<p>Die vier europ\u00e4ischen Mitglieder der G20 &#8211; Deutschland, Frankreich, Gro\u00dfbritannien und Italien und Spanien, als Gastland, sowie der Europ\u00e4ischen Kommission und der Europ\u00e4ische Rat, wissen, dass die Anti-Krise der Strategie der Europ\u00e4ischen Union (EU) Gegenstand von Kontrolle und Druck von den anderen Partnern werden.<\/p>\n<p>Der Pr\u00e4sident des Zentrums f\u00fcr europ\u00e4ische politische Studien (CEPS) und Leiter der Finanzm\u00e4rkte, Karel Lannoo, glaubte, dass die G20 die EU &#8220;dringend&#8221; bittet, um die Krise-Aktion zu beenden, und klar sind, die Europ\u00e4er, die ihre Probleme l\u00f6sen m\u00fcssen, die auch die Weltwirtschaft betreffen l\u00e4sst.<\/p>\n<p>&#8220;Wenn du dies tust, die Sprache, \u00fcberwiegend aus USA, H\u00e4rten,&#8221; sagte Lannoo in Aussagen zu Efe.<\/p>\n<p>Experten erwarten keinen Gipfel so dramatisch gewesen wie das Cannes (Frankreich), im November 2011.<\/p>\n<p>Bei dieser Gelegenheit die h\u00f6chsten Vertreter der Europ\u00e4ischen und internationalen W\u00e4hrungsfonds (IWF) zitiert die dann griechische Ministerpr\u00e4sident Yorgos Papandreu, um Sie nacheinander unter Druck, die kein Referendum \u00fcber die zweite Rettung und damit auf die Dauerhaftigkeit des Landes in die Euro enth\u00e4lt.<\/p>\n<p>, Warnen jedoch, dass der Gipfel in Los Cabos (Mexiko) nur einen Tag nach dem griechischen &#8220;entscheidende&#8221; Wahlen des 17, statt, die eine Volksabstimmung \u00fcber die Zukunft Griechenlands in den Euro geworden und nicht f\u00e4hig, eine pro-europ\u00e4ische Regierung zu generieren, sie die Eurozone und die schw\u00e4chsten L\u00e4nder gef\u00e4hrden k\u00f6nntenwie Spanien und Italien.<\/p>\n<p>Ein Jahr nach Cannes, Griechenland das Hauptanliegen bleibt, aber auch die Situation in Spanien \u00fcber die F\u00fchrer der G20, vor allem der griechischen Wahlen besorgt ist.<\/p>\n<p>Jedoch die Eurozone versucht, das Problem im Voraus deaktivieren und am vergangenen Samstag vereinbart um bis zu 100 Milliarden Euro f\u00fcr Rekapitalisierung des spanischen Finanzsystems, in Reihenfolge f\u00fcr das Darlehen als Firewall vor jeder m\u00f6glichen externen destabilisierenden Faktor handeln zu unterst\u00fctzen.<\/p>\n<p>Begriff also Europ\u00e4er nach Los Cabos mit dem Gef\u00fchl Reisen, dass in seiner Anti-Krisen-Antwort Advanced und auf dem bevorstehenden Europ\u00e4ischen Gipfel von 28 und 29 Tagen einen Fahrplan genehmigen und einen Zeitplan f\u00fcr ihre Wachstumspl\u00e4ne und Verpflichtung zu bewegen in Richtung gr\u00f6\u00dfere wirtschaftliche und finanzielle Integration, mehr, Sie stimmen mit in eine Bankenunion.<\/p>\n<p>&#8220;Wird auf dem Weg, in dem wir entschlossen sind, eine umfassende Antwort auf die Schuldenkrise zu erleichtern, betonen: Bew\u00e4ltigung der Herausforderungen der gef\u00e4hrdeten L\u00e4ndern und Wachstum durch harte Strukturreformen und Haushaltskonsolidierung Differential und erm\u00f6glicht das Wachstum zu unterst\u00fctzen&#8221;, sagte die Pr\u00e4sidenten des Europ\u00e4ischen Rates, Herman Van Rompuy und die Europ\u00e4ische KommissionJos\u00e9 Manuel Dur\u00e3o Barroso in einem Brief an die G20.<\/p>\n<p>Aber europ\u00e4ischen Staats-und Regierungschefs wollen auch eine Botschaft der Unterst\u00fctzung von \u00e4quivalenten.<\/p>\n<p>&#8220;Sollte etwas zugunsten der starken und glaubw\u00fcrdigen Wachstum ausrichten. Sie brauchen mehr Beteiligung und Zusammenarbeit aller Mitglieder der G20-Aktion &#8220;, sagte Barroso und Van Rompuy als Zustimmung des einen Aktionsplan f\u00fcr Wachstum und Besch\u00e4ftigung.<\/p>\n<p>In diesem Zusammenhang der EU wird die Bedeutung des Handels in der gegenw\u00e4rtigen wirtschaftlichen Situation hervorheben und \u00e4u\u00dfert seine Besorgnis \u00fcber &#8220;die j\u00fcngste Welle des Protektionismus&#8221;, von den G20-Gipfel, den Kampf gegen solche Praktiken zu erh\u00f6hen und St\u00e4rkung des multilateralen Handelssystems Fragen, was wird.<\/p>\n","protected":false},"excerpt":{"rendered":"<p>Br\u00fcssel, 11 jun (EFE).-die EU kommt auf dem G20-Gipfel bewusst, dass Partner ihm fordern werden mehr Entschlossenheit und Dringlichkeit zur L\u00f6sung der Krise in der Eurozone, sondern auch will, das klare Bekenntnis zur aufstrebenden zu erreichen und Industriel\u00e4ndern mit Unterst\u00fctzung f\u00fcr die wirtschaftliche Erholung. Die vier europ\u00e4ischen Mitglieder der G20 &#8211; Deutschland, Frankreich, Gro\u00dfbritannien und [&hellip;]<\/p>\n","protected":false},"author":1,"featured_media":0,"comment_status":"close","ping_status":"open","sticky":false,"template":"","format":"standard","meta":{"footnotes":""},"categories":[3],"tags":[47228],"class_list":["post-38618","post","type-post","status-publish","format-standard","hentry","category-allgemeine","tag-dickdarm-krebs-medikamente","et-doesnt-have-format-content","et_post_format-et-post-format-standard"],"_links":{"self":[{"href":"https:\/\/www.best-dentist-dentistry.com\/de\/wp-json\/wp\/v2\/posts\/38618","targetHints":{"allow":["GET"]}}],"collection":[{"href":"https:\/\/www.best-dentist-dentistry.com\/de\/wp-json\/wp\/v2\/posts"}],"about":[{"href":"https:\/\/www.best-dentist-dentistry.com\/de\/wp-json\/wp\/v2\/types\/post"}],"author":[{"embeddable":true,"href":"https:\/\/www.best-dentist-dentistry.com\/de\/wp-json\/wp\/v2\/users\/1"}],"replies":[{"embeddable":true,"href":"https:\/\/www.best-dentist-dentistry.com\/de\/wp-json\/wp\/v2\/comments?post=38618"}],"version-history":[{"count":0,"href":"https:\/\/www.best-dentist-dentistry.com\/de\/wp-json\/wp\/v2\/posts\/38618\/revisions"}],"wp:attachment":[{"href":"https:\/\/www.best-dentist-dentistry.com\/de\/wp-json\/wp\/v2\/media?parent=38618"}],"wp:term":[{"taxonomy":"category","embeddable":true,"href":"https:\/\/www.best-dentist-dentistry.com\/de\/wp-json\/wp\/v2\/categories?post=38618"},{"taxonomy":"post_tag","embeddable":true,"href":"https:\/\/www.best-dentist-dentistry.com\/de\/wp-json\/wp\/v2\/tags?post=38618"}],"curies":[{"name":"wp","href":"https:\/\/api.w.org\/{rel}","templated":true}]}}