{"id":38621,"date":"2013-08-24T02:47:05","date_gmt":"2013-08-24T02:47:05","guid":{"rendered":null},"modified":"-0001-11-30T00:00:00","modified_gmt":"-0001-11-30T00:00:00","slug":"pilar-farjas-opens-friday-at-sigaenza-guadalajara-the-third-global-meeting-of-parliamentarians-of-health","status":"publish","type":"post","link":"https:\/\/www.best-dentist-dentistry.com\/de\/pilar-farjas-opens-friday-at-sigaenza-guadalajara-the-third-global-meeting-of-parliamentarians-of-health\/38621","title":{"rendered":"Pilar Farjas \u00f6ffnet Freitag um Sig\u00fcenza (Guadalajara) das dritte weltweite Treffen der Parlamentarier der Gesundheit"},"content":{"rendered":"<p class=\"first\"> GUADALAJARA, 13 (EUROPA PRESS)<\/p>\n<p>Generalsekret\u00e4r der Gesundheit und des Verbrauchs, Pilar Farjas und dem Pr\u00e4sidenten der medizinischen Kommission des Kongresses, Mario Mingo, Er\u00f6ffnung Freitag um Sig\u00fcenza (Guadalajara) das dritte weltweite Treffen der Parlamentarier der Gesundheit, in dem die Mitglieder der Aussch\u00fcsse des Gesundheitszustands der Kongress, Senat und autonome aller Baugruppen des Landes versammeln, um aktuelle Themen und die neuesten Entwicklungen in der Gesundheitspolitik.<\/p>\n<p>Business Gruppe Gesundheit 2000, Herausgeber der Revista M\u00e9dica und Erstellung von medizinischen Ver\u00f6ffentlichungen u.a. organisiert diese Sitzung bis Samstag, 16., wie in der Pressemitteilung berichtet.<\/p>\n<p>Die Er\u00f6ffnungsfeier ist geplant, auch Teilnahme an den B\u00fcrgermeister von Sig\u00fcenza, Jos\u00e9 Manuel Latre; der Pr\u00e4sident der nationalen Sanit\u00e4r Sicherheit, Partner dieser Begegnung, Miguel Carrero; der Pr\u00e4sident der Gesundheit 2000, Jos\u00e9 Mar\u00eda Pino und der Pr\u00e4sident des Organisationskomitees und der Volkspartei, Jes\u00fas Aguirre Senator.<\/p>\n<p>Zu diesem dritten globalen Treffen der Parlamentarier der Gesundheit best\u00e4tigten Teilnahme, sowie mehr als 50 Parlamentarier aus \u00fcber dem Land, der Minister f\u00fcr Gesundheit und soziale Angelegenheiten von Kastilien &#8211; La Mancha, Jos\u00e9 Ignacio Ech\u00e1niz, Gesundheitsministerin von Valencia, Luis Rosado; Director Imserso, C\u00e9sar Ant\u00f3n und der Pr\u00e4sident des Generalrats des offiziellen Colleges der ApothekerCarmen Pe\u00f1a.<\/p>\n<p>Best\u00e4tigt Parlamentarier geh\u00f6ren Conxita Tarruella, Sprecher f\u00fcr Konvergenz und Union in der Gesundheitskommission des Kongresses; Nerea Ant\u00eda, Sprecher der PNV im baskischen Land Gesundheit Kommission; Miguel Santalices, Sprecher der popul\u00e4ren Partei im Parlament von Galicien und Jos\u00e9 Manuel Freire, Sprecher der PSOE in der Gesundheitskommission der Assembly Madrid.<\/p>\n<p>Die Rolle des Interterritorial Rates, die zentralen Einkauf von Gesundheitsprodukten, pharmazeutische politische Entscheidungen und Optimierung von Ressourcen zwischen \u00f6ffentlichen und privaten Gesundheit geh\u00f6ren zu den Themen w\u00e4hrend dieser zwei Tage in den Parador in Sig\u00fcenza diskutiert werden.<\/p>\n","protected":false},"excerpt":{"rendered":"<p>GUADALAJARA, 13 (EUROPA PRESS) Generalsekret\u00e4r der Gesundheit und des Verbrauchs, Pilar Farjas und dem Pr\u00e4sidenten der medizinischen Kommission des Kongresses, Mario Mingo, Er\u00f6ffnung Freitag um Sig\u00fcenza (Guadalajara) das dritte weltweite Treffen der Parlamentarier der Gesundheit, in dem die Mitglieder der Aussch\u00fcsse des Gesundheitszustands der Kongress, Senat und autonome aller Baugruppen des Landes versammeln, um aktuelle [&hellip;]<\/p>\n","protected":false},"author":1,"featured_media":0,"comment_status":"close","ping_status":"open","sticky":false,"template":"","format":"standard","meta":{"footnotes":""},"categories":[3],"tags":[47228],"class_list":["post-38621","post","type-post","status-publish","format-standard","hentry","category-allgemeine","tag-dickdarm-krebs-medikamente","et-doesnt-have-format-content","et_post_format-et-post-format-standard"],"_links":{"self":[{"href":"https:\/\/www.best-dentist-dentistry.com\/de\/wp-json\/wp\/v2\/posts\/38621","targetHints":{"allow":["GET"]}}],"collection":[{"href":"https:\/\/www.best-dentist-dentistry.com\/de\/wp-json\/wp\/v2\/posts"}],"about":[{"href":"https:\/\/www.best-dentist-dentistry.com\/de\/wp-json\/wp\/v2\/types\/post"}],"author":[{"embeddable":true,"href":"https:\/\/www.best-dentist-dentistry.com\/de\/wp-json\/wp\/v2\/users\/1"}],"replies":[{"embeddable":true,"href":"https:\/\/www.best-dentist-dentistry.com\/de\/wp-json\/wp\/v2\/comments?post=38621"}],"version-history":[{"count":0,"href":"https:\/\/www.best-dentist-dentistry.com\/de\/wp-json\/wp\/v2\/posts\/38621\/revisions"}],"wp:attachment":[{"href":"https:\/\/www.best-dentist-dentistry.com\/de\/wp-json\/wp\/v2\/media?parent=38621"}],"wp:term":[{"taxonomy":"category","embeddable":true,"href":"https:\/\/www.best-dentist-dentistry.com\/de\/wp-json\/wp\/v2\/categories?post=38621"},{"taxonomy":"post_tag","embeddable":true,"href":"https:\/\/www.best-dentist-dentistry.com\/de\/wp-json\/wp\/v2\/tags?post=38621"}],"curies":[{"name":"wp","href":"https:\/\/api.w.org\/{rel}","templated":true}]}}