{"id":38651,"date":"2013-08-28T02:44:08","date_gmt":"2013-08-28T02:44:08","guid":{"rendered":null},"modified":"-0001-11-30T00:00:00","modified_gmt":"-0001-11-30T00:00:00","slug":"psoe-iu-and-the-fadsp-branded-heartless-dramatic-absurd-and-unjust-health-decree","status":"publish","type":"post","link":"https:\/\/www.best-dentist-dentistry.com\/de\/psoe-iu-and-the-fadsp-branded-heartless-dramatic-absurd-and-unjust-health-decree\/38651","title":{"rendered":"PSOE, IU und die FADSP der Marke &#8220;herzlos&#8221;, dramatische, absurd und ungerechten Gesundheit Dekret"},"content":{"rendered":"<p class=\"first\"> MADRID, 18 (EUROPA PRESS)<\/p>\n<p>Das Sekretariat der Sozialpolitik der PSOE und Trinidad Jim\u00e9nez, stellvertretende Mitglied in der Kommission Gesundheit der Abgeordnetenhaus, Caridad Garc\u00eda und Sprecher des Verbandes der Vereine f\u00fcr die Verteidigung der Gesundheit-\u00d6ffentlichkeit (FADSP), Marciano Sanchez, IU haben auf R\u00e4dern &#8220;dramatische, grausam, absurd und ungerechten&#8221; Montag, die k\u00f6nigliche Verordnung auf die Gesundheit durch die Regierung von Mariano Rajoy genehmigt.<\/p>\n<p>-A-Testversion von Jimenez, dieser Text endet mit dem universellen und kostenlose Gesundheitsversorgung und gibt an das System, das seit mehr als 30 Jahren durchgesetzt. Dar\u00fcber hinaus darauf hingewiesen, dass das Dekret eine &#8220;enorme Unsicherheit und Ungewissheit&#8221; unter die spanische Staatsb\u00fcrgerschaft erstellt hat, da es &#8220;widerspr\u00fcchliche&#8221; in vielerlei Hinsicht ist und dass es nicht die Nachhaltigkeit des Systems garantiert.<\/p>\n<p>In diesem Sinne It, ehemaliger Minister der Gesundheit w\u00e4hrend der Regierung von Jos\u00e9 Luis Rodr\u00edguez Zapatero hat auch als &#8220;Anweisungen des aktuellen Vorstands die sicherstellt, dass&#8221;es keine Gesundheit, gibt weil sie Ausl\u00e4nder sind&#8221;L\u00fcgen&#8221; bezeichnet. Und es hat darauf hingewiesen, die Regulierung des Gesundheitstourismus schlie\u00dft Ausl\u00e4nder sind diejenigen, die &#8220;weniger&#8221; Gesundheit zu verwenden und die Kosten f\u00fcr die Haushalte der autonomen Gemeinschaften repr\u00e4sentieren nur die &#8220;0,8 Prozent&#8221;.<\/p>\n<p>&#8220;Ist dramatisch. sagen, dass diese k\u00f6nigliches Dekret genehmigt wird, um die Nachhaltigkeit des \u00f6ffentlichen Gesundheitswesens zu besuchen, denn es eine Einsparung von 7000 Millionen Euro bedeutet Das nicht oder sie &#8211; in Anlehnung glaube, es ist an den Minister f\u00fcr Gesundheit, soziale Dienste und Geschlechter, Ana Mato &#8211; weil es unm\u00f6glich ist&#8221;, betonte Jim\u00e9nez.<\/p>\n<p>&#8220;<\/p>\n<p>Sagte, der Sozialistenf\u00fchrer hat hervorgehoben, die&#8221;gro\u00dfe soziale Ungerechtigkeit&#8221;, die pharmazeutische darstellt Co Zahlung an Rentner &#8211; zahlt 10 Prozent des Preises der Drogen &#8211; und er erinnert daran, dass&#8221; nicht Fallrecht &#8220;wie gehen sie das Geld zur\u00fcck&#8221; da nach den Bestimmungen, in dem Fall, in denen der Rentner zahlen mehr als was, sollte zur\u00fcckgegeben Sie innerhalb einer Frist von sechs Monaten den entsprechenden Betrag.<\/p>\n<p>&#8220;Dieser Erlass hat einen sehr negativen Effekt unter der gesamten Gesellschaft und mit ihm l\u00e4uft ab mit dem Prestige und die Qualit\u00e4t des \u00f6ffentlichen Gesundheitswesens&#8221;, \u00fcberpr\u00fcft, um daran zu erinnern, dass derzeit die Gesundheit die vierte Sorge der Spanier, wenn &#8220;gesch\u00e4tzten \u00f6ffentlichen System&#8221; seit jeher sowohl innerhalb und au\u00dferhalb Spaniens geworden ist.<\/p>\n<p>Ausgenommen sind die &#8220;schw\u00e4chsten&#8221;<\/p>\n<p>F\u00fcr seinen Teil, der Stellvertreter des IU sichergestellt hat, dass das K\u00f6nigliche Dekret &#8220;seelenlosen&#8221; ist schlie\u00dft die &#8220;schw\u00e4cheren&#8221; Menschen und &#8220;\u00e4rmeren&#8221; der Gesellschaft und hat bedauert, dass Gesundheit Rechte &#8220;auf einen Schlag&#8221; entfernt wurden.<\/p>\n<p>Garcia hat daher hervorgehoben, wie die Regierung Rajoy wird immer im Gesundheitswesen &#8220;blutet&#8221; und kritisierte, dass es versucht, eine universelle Gesundheitsf\u00fcrsorge Modellwechsel f\u00fcr ein Modell der &#8220;Assurance&#8221;.<\/p>\n<p>&#8220;Spricht der Erziehung der B\u00fcrger aber nie gibt, die Ihnen ihre Meinung zu \u00e4u\u00dfern und in den Entscheidungen zu beteiligen. Die Exekutive hat einen Z\u00e4hler und letztlich das private Gesundheitssystem werden das schaffen Gesundheit in Spanien&#8221;, sagte der stellvertretende IU.<\/p>\n<p>Diese dieselben Ansichten haben auch der Sprecher der FADSP, der Bestand hat, dass das neue Dekret Ungleichheit zunehmen, weil sie Einwanderer sorgen werden nicht best\u00e4tigt worden. Dar\u00fcber hinaus hat es hervorgehoben, diese Tatsache wird &#8220;ernste Probleme&#8221; der \u00f6ffentlichen Gesundheit und erh\u00f6ht die &#8220;Kosten&#8221; und nicht &#8220;legen&#8221;, da die Regierung sagt.<\/p>\n<p>In diesem Sinne informiert wurde, dass Personen, die das System ausschlie\u00dfen, werden vor allem Frauen \u00fcber 65 Jahren, Patienten, die in l\u00e4ndlichen Gebieten, die Leben, die eine chronische Krankheit und Behinderung seit, unter anderem haben willst &#8220;das Shuttle, Di\u00e4ten und die Orthoprosthesis entfernen&#8221;.<\/p>\n<p>&#8220;Mehr als 6 Millionen haben Probleme des Zugangs zu medizinischer Versorgung,&#8221; hat den Sprecher FADSP zu berichten, die mit dem Dekret bevorzugt werden vorhergesagt &#8220;Gesundheit-Business-Leute haben viel Geld auf Kosten der Rechte den Rest der&#8221;.<\/p>\n","protected":false},"excerpt":{"rendered":"<p>MADRID, 18 (EUROPA PRESS) Das Sekretariat der Sozialpolitik der PSOE und Trinidad Jim\u00e9nez, stellvertretende Mitglied in der Kommission Gesundheit der Abgeordnetenhaus, Caridad Garc\u00eda und Sprecher des Verbandes der Vereine f\u00fcr die Verteidigung der Gesundheit-\u00d6ffentlichkeit (FADSP), Marciano Sanchez, IU haben auf R\u00e4dern &#8220;dramatische, grausam, absurd und ungerechten&#8221; Montag, die k\u00f6nigliche Verordnung auf die Gesundheit durch die [&hellip;]<\/p>\n","protected":false},"author":1,"featured_media":0,"comment_status":"close","ping_status":"open","sticky":false,"template":"","format":"standard","meta":{"footnotes":""},"categories":[3],"tags":[47241,47240],"class_list":["post-38651","post","type-post","status-publish","format-standard","hentry","category-allgemeine","tag-ungerechten","tag-vizcaya","et-doesnt-have-format-content","et_post_format-et-post-format-standard"],"_links":{"self":[{"href":"https:\/\/www.best-dentist-dentistry.com\/de\/wp-json\/wp\/v2\/posts\/38651","targetHints":{"allow":["GET"]}}],"collection":[{"href":"https:\/\/www.best-dentist-dentistry.com\/de\/wp-json\/wp\/v2\/posts"}],"about":[{"href":"https:\/\/www.best-dentist-dentistry.com\/de\/wp-json\/wp\/v2\/types\/post"}],"author":[{"embeddable":true,"href":"https:\/\/www.best-dentist-dentistry.com\/de\/wp-json\/wp\/v2\/users\/1"}],"replies":[{"embeddable":true,"href":"https:\/\/www.best-dentist-dentistry.com\/de\/wp-json\/wp\/v2\/comments?post=38651"}],"version-history":[{"count":0,"href":"https:\/\/www.best-dentist-dentistry.com\/de\/wp-json\/wp\/v2\/posts\/38651\/revisions"}],"wp:attachment":[{"href":"https:\/\/www.best-dentist-dentistry.com\/de\/wp-json\/wp\/v2\/media?parent=38651"}],"wp:term":[{"taxonomy":"category","embeddable":true,"href":"https:\/\/www.best-dentist-dentistry.com\/de\/wp-json\/wp\/v2\/categories?post=38651"},{"taxonomy":"post_tag","embeddable":true,"href":"https:\/\/www.best-dentist-dentistry.com\/de\/wp-json\/wp\/v2\/tags?post=38651"}],"curies":[{"name":"wp","href":"https:\/\/api.w.org\/{rel}","templated":true}]}}