{"id":38697,"date":"2013-08-28T02:49:25","date_gmt":"2013-08-28T02:49:25","guid":{"rendered":null},"modified":"-0001-11-30T00:00:00","modified_gmt":"-0001-11-30T00:00:00","slug":"the-vice-president-of-colombia-out-of-the-intensive-care-unit","status":"publish","type":"post","link":"https:\/\/www.best-dentist-dentistry.com\/de\/the-vice-president-of-colombia-out-of-the-intensive-care-unit\/38697","title":{"rendered":"Der Vize Pr\u00e4sident von Kolumbien aus der Intensivstation"},"content":{"rendered":"<p class=\"first\"> Bogota, 29 jun (EFE).-die kolumbianische Vizepr\u00e4sident Angelino Garzon, kam von der Intensivstation der klinischen Reina Sofia, in Bogot\u00e1, wo er, Juni 2008 beitrat, sagte heute dieses Tr\u00e4gers.<\/p>\n<p>Als eine Erkl\u00e4rung des wissenschaftlichen Direktors, Andr\u00e9s Caballero, darauf hingewiesen, dass Garzon &#8220;von der Intensivstation auf ein Zimmer, unter strenger \u00dcberwachung klinischer verschoben wurde&#8221;.<\/p>\n<p>F\u00fcgte hinzu, dass die Gesundheit des Vizepr\u00e4sidenten &#8220;positiv entwickelt&#8221; ist &#8220;bewusst&#8221; und jetzt &#8220;die Sanierung ist die gr\u00f6\u00dfte Herausforderung der neuen Stufe, die in seiner Behandlung folgt&#8221;.<\/p>\n<p>Garzon, 65 Jahre, eingereicht am 21 &#8220;Gehirn erholend&#8221; induzierte zur Vermeidung eine m\u00f6gliche Verschlechterung der durch die Verletzung, das Mittelhirn, die Lebensfunktionen verpflichtet, betroffenen Gebiet laut \u00c4rzte.<\/p>\n<p>Tage nach \u00dcbernahme der Vize-Pr\u00e4sidentschaft, Garzon erlitt ein Herzleiden, die mit Erfolg betrieben wurde und seitdem ist eine spezielle Di\u00e4t.<\/p>\n","protected":false},"excerpt":{"rendered":"<p>Bogota, 29 jun (EFE).-die kolumbianische Vizepr\u00e4sident Angelino Garzon, kam von der Intensivstation der klinischen Reina Sofia, in Bogot\u00e1, wo er, Juni 2008 beitrat, sagte heute dieses Tr\u00e4gers. Als eine Erkl\u00e4rung des wissenschaftlichen Direktors, Andr\u00e9s Caballero, darauf hingewiesen, dass Garzon &#8220;von der Intensivstation auf ein Zimmer, unter strenger \u00dcberwachung klinischer verschoben wurde&#8221;. F\u00fcgte hinzu, dass die [&hellip;]<\/p>\n","protected":false},"author":1,"featured_media":0,"comment_status":"close","ping_status":"open","sticky":false,"template":"","format":"standard","meta":{"footnotes":""},"categories":[3],"tags":[47245],"class_list":["post-38697","post","type-post","status-publish","format-standard","hentry","category-allgemeine","tag-pharmazie-co-zahlung","et-doesnt-have-format-content","et_post_format-et-post-format-standard"],"_links":{"self":[{"href":"https:\/\/www.best-dentist-dentistry.com\/de\/wp-json\/wp\/v2\/posts\/38697","targetHints":{"allow":["GET"]}}],"collection":[{"href":"https:\/\/www.best-dentist-dentistry.com\/de\/wp-json\/wp\/v2\/posts"}],"about":[{"href":"https:\/\/www.best-dentist-dentistry.com\/de\/wp-json\/wp\/v2\/types\/post"}],"author":[{"embeddable":true,"href":"https:\/\/www.best-dentist-dentistry.com\/de\/wp-json\/wp\/v2\/users\/1"}],"replies":[{"embeddable":true,"href":"https:\/\/www.best-dentist-dentistry.com\/de\/wp-json\/wp\/v2\/comments?post=38697"}],"version-history":[{"count":0,"href":"https:\/\/www.best-dentist-dentistry.com\/de\/wp-json\/wp\/v2\/posts\/38697\/revisions"}],"wp:attachment":[{"href":"https:\/\/www.best-dentist-dentistry.com\/de\/wp-json\/wp\/v2\/media?parent=38697"}],"wp:term":[{"taxonomy":"category","embeddable":true,"href":"https:\/\/www.best-dentist-dentistry.com\/de\/wp-json\/wp\/v2\/categories?post=38697"},{"taxonomy":"post_tag","embeddable":true,"href":"https:\/\/www.best-dentist-dentistry.com\/de\/wp-json\/wp\/v2\/tags?post=38697"}],"curies":[{"name":"wp","href":"https:\/\/api.w.org\/{rel}","templated":true}]}}