{"id":38702,"date":"2013-08-28T02:49:50","date_gmt":"2013-08-28T02:49:50","guid":{"rendered":null},"modified":"-0001-11-30T00:00:00","modified_gmt":"-0001-11-30T00:00:00","slug":"upload-to-three-the-number-of-deaths-by-influenza-a-in-el-salvador","status":"publish","type":"post","link":"https:\/\/www.best-dentist-dentistry.com\/de\/upload-to-three-the-number-of-deaths-by-influenza-a-in-el-salvador\/38702","title":{"rendered":"upload to three the number of deaths by influenza a in el salvador"},"content":{"rendered":"<p class=\"first\"> San Salvador, 29 jun (EFE).-die Zahl der Todesf\u00e4lle durch Influenza-A-in El Salvador dieses Jahres kletterte auf drei mit dem Tod einer Frau, die zwei Kinder beigetreten sind, berichtet heute der Minister f\u00fcr Gesundheit, Mar\u00eda Isabel Rodr\u00edguez.<\/p>\n<p>Gesundheitsbeh\u00f6rden registrierte mindestens 154 F\u00e4lle der Grippe in diesem Jahr, so die Ministerin.<\/p>\n<p>Die offizielle darauf hingewiesen, dass der dritte Todesfall eine Frau von 35 Jahren, die nicht gegen das H1N1-Virus geimpft ist, auch litt an Diabetes und starb vor kurzem im \u00f6stlichen Teil des Landes.<\/p>\n<p>Im Ministerium der Gesundheit untersucht eine m\u00f6gliche vierte Todesfall des Influenza-A, 16-Year-Old, Rodriguez sagte Journalisten nach der Teilnahme an einem Tag des AIDS-Virus-Erkennung.<\/p>\n<p>Der erste verstorbene durch die Grippe im Jahr, am 9. Mai war ein Kind von einem eineinhalb Jahre alt, die litten auch unter einer Zerebralparese und die zweite am 1 Juni, eine kleine von zwei Jahren und vier Monaten von Herzerkrankungen betroffen verstorbenen.<\/p>\n<p>Der Minister der Gesundheit bekr\u00e4ftigt seine Forderung nach Salvadorianer anzuwenden, die Impfung gegen Influenza a<\/p>\n<p>In El Salvador im Jahr 2009 infolge Influenza, 33 Menschen get\u00f6tet, w\u00e4hrend andere 851 den Virus beauftragt, und im Jahr 2010 gab es nach offiziellen Angaben mindestens einen Toten,.<\/p>\n<p>Trotz der Trend zunehmender Grippe in den letzten Monaten, die salvadorianische Gesundheitsbeh\u00f6rden verworfen ist eine Epidemie. EFE<\/p>\n","protected":false},"excerpt":{"rendered":"<p>San Salvador, 29 jun (EFE).-die Zahl der Todesf\u00e4lle durch Influenza-A-in El Salvador dieses Jahres kletterte auf drei mit dem Tod einer Frau, die zwei Kinder beigetreten sind, berichtet heute der Minister f\u00fcr Gesundheit, Mar\u00eda Isabel Rodr\u00edguez. Gesundheitsbeh\u00f6rden registrierte mindestens 154 F\u00e4lle der Grippe in diesem Jahr, so die Ministerin. Die offizielle darauf hingewiesen, dass der [&hellip;]<\/p>\n","protected":false},"author":1,"featured_media":0,"comment_status":"close","ping_status":"open","sticky":false,"template":"","format":"standard","meta":{"footnotes":""},"categories":[3],"tags":[47247,47248],"class_list":["post-38702","post","type-post","status-publish","format-standard","hentry","category-allgemeine","tag-hause-test","tag-hires","et-doesnt-have-format-content","et_post_format-et-post-format-standard"],"_links":{"self":[{"href":"https:\/\/www.best-dentist-dentistry.com\/de\/wp-json\/wp\/v2\/posts\/38702","targetHints":{"allow":["GET"]}}],"collection":[{"href":"https:\/\/www.best-dentist-dentistry.com\/de\/wp-json\/wp\/v2\/posts"}],"about":[{"href":"https:\/\/www.best-dentist-dentistry.com\/de\/wp-json\/wp\/v2\/types\/post"}],"author":[{"embeddable":true,"href":"https:\/\/www.best-dentist-dentistry.com\/de\/wp-json\/wp\/v2\/users\/1"}],"replies":[{"embeddable":true,"href":"https:\/\/www.best-dentist-dentistry.com\/de\/wp-json\/wp\/v2\/comments?post=38702"}],"version-history":[{"count":0,"href":"https:\/\/www.best-dentist-dentistry.com\/de\/wp-json\/wp\/v2\/posts\/38702\/revisions"}],"wp:attachment":[{"href":"https:\/\/www.best-dentist-dentistry.com\/de\/wp-json\/wp\/v2\/media?parent=38702"}],"wp:term":[{"taxonomy":"category","embeddable":true,"href":"https:\/\/www.best-dentist-dentistry.com\/de\/wp-json\/wp\/v2\/categories?post=38702"},{"taxonomy":"post_tag","embeddable":true,"href":"https:\/\/www.best-dentist-dentistry.com\/de\/wp-json\/wp\/v2\/tags?post=38702"}],"curies":[{"name":"wp","href":"https:\/\/api.w.org\/{rel}","templated":true}]}}