{"id":38704,"date":"2013-08-28T02:50:02","date_gmt":"2013-08-28T02:50:02","guid":{"rendered":null},"modified":"-0001-11-30T00:00:00","modified_gmt":"-0001-11-30T00:00:00","slug":"the-tenor-josa-carreras-expresses-its-commitment-with-germany-in-the-fight-against-leukemia","status":"publish","type":"post","link":"https:\/\/www.best-dentist-dentistry.com\/de\/the-tenor-josa-carreras-expresses-its-commitment-with-germany-in-the-fight-against-leukemia\/38704","title":{"rendered":"the tenor josa carreras expresses its commitment with germany in the fight against leukemia"},"content":{"rendered":"<p class=\"first\"> Berlin, 30 jun (EFE).-der spanische Tenor Jos\u00e9 Carreras heute ausgedr\u00fcckt sein Engagement mit Deutschland im Kampf gegen Leuk\u00e4mie und bedankte sich bei der Unterst\u00fctzung der deutschen \u00d6ffentlichkeit, treu die Charity-Gala im Fernsehen Leben und jedes Jahr feiert der Gr\u00fcndung um Mittel f\u00fcr diesen Zweck zu erh\u00f6hen.<\/p>\n<p>&#8220;Ich freue mich, Sie in unserer n\u00e4chsten Charity-Gala einzuladen. Der S\u00e4nger mit der Hilfe und Gro\u00dfz\u00fcgigkeit der au\u00dferordentliche deutsche \u00d6ffentlichkeit, meine Stiftung und ich planen weiter in den kommenden Jahren mit unserer wichtigen Arbeit im Namen des betroffenen in Deutschland&#8221;, sagte in einer Erkl\u00e4rung.<\/p>\n<p>&#8220;<\/p>\n<p>Er sagte, f\u00fchlte sich&#8221;gro\u00dfe Dankbarkeit mit der deutschen \u00d6ffentlichkeit f\u00fcr ihre anhaltende Unterst\u00fctzung&#8221;und stellte fest, dass hart arbeiten, um auch viele Spenden in Zukunft durch die Gala Jos\u00e9 Carreras sammeln ist der beste Weg, um diese Wertsch\u00e4tzung zur\u00fcckgeben&#8221;.<\/p>\n<p>&#8220;Am 13 ist dieses Jahr in meinen Zeitplan vorbehalten und werden f\u00fcr mich eine Freude, wieder in Leipzig sein&#8221;, Austragungsort der diese bereits traditionellen vorweihnachtlichen-Gala angek\u00fcndigt.<\/p>\n<p>Version, die auf der Website in deutscher Sprache der Josep Carreras Stiftung gegen Leuk\u00e4mie-R\u00fcckrufe, die insgesamt 900 Projekte haben in Deutschland die 100 Millionen Euro profitiert gelesen werden k\u00f6nnen, die seit 1995 gesammelt wurden.<\/p>\n<p>&#8220;Konstante und erfolgreiche Bem\u00fchung&#8221; Jos\u00e9 Carreras und seiner Stiftung in den vergangenen 15 Jahren die Situation der betroffenen Patienten mit mehr Qualit\u00e4t und Lebenserwartung verbessern, erinnerst du dich des Textes &#8220;in einer entscheidenden Weise&#8221; beigetragen haben.<\/p>\n<p>Dar\u00fcber hinaus wurde die Studie von Leuk\u00e4mie, dank der finanziellen Unterst\u00fctzung der Stiftung &#8220;nicht nur tolle Ergebnisse erzielt&#8221;, sondern auch &#8220;eine allgemeine Verbesserung in Diagnose und Therapie der Tumorerkrankung &rsquo;.<\/p>\n<p>In die 17 Ausgabe der Gala, gehalten im Dezember letzten Jahres und gefolgt von rund 4 Millionen Menschen durch die \u00f6ffentlich-rechtlichen Sender ARD, Rennen geschafft, 6,4 Millionen Euro an die Stiftung zu erh\u00f6hen, leitet und darauf abzielen, den Kampf gegen Leuk\u00e4mie<\/p>\n<p>Eigenen Tenor war in der Lage, f\u00fcr eine erfolgreiche Wiederherstellung von der Leuk\u00e4mie, die wurde diagnostiziert ihn 1987 aufgrund einer eigenen Knochenmark-Transplantation.<\/p>\n<p>Ein Jahr sp\u00e4ter, im Jahr 1988 erstellt die Josep Carreras Stiftung gegen Leuk\u00e4mie und 1995 die deutsche Teilung, mit Sitz in M\u00fcnchen.<\/p>\n","protected":false},"excerpt":{"rendered":"<p>Berlin, 30 jun (EFE).-der spanische Tenor Jos\u00e9 Carreras heute ausgedr\u00fcckt sein Engagement mit Deutschland im Kampf gegen Leuk\u00e4mie und bedankte sich bei der Unterst\u00fctzung der deutschen \u00d6ffentlichkeit, treu die Charity-Gala im Fernsehen Leben und jedes Jahr feiert der Gr\u00fcndung um Mittel f\u00fcr diesen Zweck zu erh\u00f6hen. &#8220;Ich freue mich, Sie in unserer n\u00e4chsten Charity-Gala einzuladen. [&hellip;]<\/p>\n","protected":false},"author":1,"featured_media":0,"comment_status":"close","ping_status":"open","sticky":false,"template":"","format":"standard","meta":{"footnotes":""},"categories":[3],"tags":[47250,47249],"class_list":["post-38704","post","type-post","status-publish","format-standard","hentry","category-allgemeine","tag-lanca","tag-regierung-vorschlags","et-doesnt-have-format-content","et_post_format-et-post-format-standard"],"_links":{"self":[{"href":"https:\/\/www.best-dentist-dentistry.com\/de\/wp-json\/wp\/v2\/posts\/38704","targetHints":{"allow":["GET"]}}],"collection":[{"href":"https:\/\/www.best-dentist-dentistry.com\/de\/wp-json\/wp\/v2\/posts"}],"about":[{"href":"https:\/\/www.best-dentist-dentistry.com\/de\/wp-json\/wp\/v2\/types\/post"}],"author":[{"embeddable":true,"href":"https:\/\/www.best-dentist-dentistry.com\/de\/wp-json\/wp\/v2\/users\/1"}],"replies":[{"embeddable":true,"href":"https:\/\/www.best-dentist-dentistry.com\/de\/wp-json\/wp\/v2\/comments?post=38704"}],"version-history":[{"count":0,"href":"https:\/\/www.best-dentist-dentistry.com\/de\/wp-json\/wp\/v2\/posts\/38704\/revisions"}],"wp:attachment":[{"href":"https:\/\/www.best-dentist-dentistry.com\/de\/wp-json\/wp\/v2\/media?parent=38704"}],"wp:term":[{"taxonomy":"category","embeddable":true,"href":"https:\/\/www.best-dentist-dentistry.com\/de\/wp-json\/wp\/v2\/categories?post=38704"},{"taxonomy":"post_tag","embeddable":true,"href":"https:\/\/www.best-dentist-dentistry.com\/de\/wp-json\/wp\/v2\/tags?post=38704"}],"curies":[{"name":"wp","href":"https:\/\/api.w.org\/{rel}","templated":true}]}}