{"id":38716,"date":"2013-08-31T02:47:36","date_gmt":"2013-08-31T02:47:36","guid":{"rendered":null},"modified":"-0001-11-30T00:00:00","modified_gmt":"-0001-11-30T00:00:00","slug":"nicaragua-ngo-estimated-damage-to-river-to-expand-lawsuit-against-costa-rica","status":"publish","type":"post","link":"https:\/\/www.best-dentist-dentistry.com\/de\/nicaragua-ngo-estimated-damage-to-river-to-expand-lawsuit-against-costa-rica\/38716","title":{"rendered":"Nicaragua NGO, die gesch\u00e4tzte Sch\u00e4den an Fluss, Klage gegen Costa Rica zu erweitern"},"content":{"rendered":"<p class=\"first\"> Managua, 2 jul (EFE).-eine Umweltorganisation von Nicaragua berichtet heute, dass quantifiziert die behauptete Sch\u00e4den, verursacht durch eine Autobahn in Costa Rica am s\u00fcdlichen Rand der R\u00edo San Juan, eine Klage gegen Costa Rica an der Central American Court of Justice (CCJ), zu erweitern, die bereits die Stra\u00dfenarbeiten verurteilt.<\/p>\n<p>Das Landgericht, Sitz in Managua, verurteilt Montag nach Costa Rica durch den Bau der Stra\u00dfe als &#8220;hohes Risiko und \u00f6kologische Gef\u00e4hrdung&#8221;, aber der costaricanischen Regierung das Urteil abgelehnt, weil die Zust\u00e4ndigkeit des Gerichtshofs nicht erkannt wird.<\/p>\n<p>Kamilo Lara, Koordinator des nationalen Forums Recycling (Fonare), eine der Organisationen, die nach Costa Rica von der Stra\u00dfe, sagte Reportern, die nach dem Urteil das Landgericht die Kosten f\u00fcr die behaupteten Sch\u00e4den, verursacht durch die 160 km Stra\u00dfe zu beurteilen, werden verklagt.<\/p>\n<p>&#8220;Erweitern wir unser verlangen wenn wir \u00d6kosystem Schaden&#8221; verursacht, R\u00edo San Juan, f\u00fcr &#8220;Costa Rica f\u00fcr Sch\u00e4den zahlen m\u00fcssen&#8221; Lara sagte, das w\u00fcrde das \u00d6kosystem in diesem Bereich erlitten haben.<\/p>\n<p>Der amerikanischen Gerichtshof einstimmig verurteilt den Bau der Stra\u00dfe und Costa Rica, endg\u00fcltig auszusetzen, das Stra\u00dfenbauprojekt bestellt.<\/p>\n<p>Costa Rica beschrieben, das Urteil als &#8220;unechte und illegitim&#8221; und angek\u00fcndigt, dass er die M\u00f6glichkeit wertet des R\u00fcckzugs aus dem System der zentralamerikanischen Integration (SICA), vor\u00fcbergehend, w\u00e4hrend Nicaragua \u00dcbung die halbj\u00e4hrlichen Pr\u00e4sidentschaft der Agentur bis zum n\u00e4chsten Dezember.<\/p>\n<p>Durch den Bau der Autobahn, Nicaragua behauptete auch im Dezember nach Costa Rica vor dem internationalen Gerichtshof (IGH), mit Sitz in den Haag, Niederlande.<\/p>\n<p>Nach Lara und einer der Vizepr\u00e4sidenten des Zentralamerikanischen Parlaments (Parlacen), die Nicaragua Daniel Ortega Reyes, werden fehlgeschlagene Landgericht gegen Costa Rica einen &#8220;starken Beweise&#8221; vor den IGH.<\/p>\n<p>W\u00e4hrend der Regierung von Nicaragua hat nicht gehandelt, auf die Anweisung, die heute durch den Zentralamerikanischen Gerichtshof ver\u00f6ffentlicht.<\/p>\n<p>Ist regional Court hat zwei Richter von El Salvador, Honduras und Nicaragua, zwei w\u00e4hrend Guatemala ist in den Prozess der Benennung seiner zwei Richter und Costa Rica und Panama integriert. EFE<\/p>\n","protected":false},"excerpt":{"rendered":"<p>Managua, 2 jul (EFE).-eine Umweltorganisation von Nicaragua berichtet heute, dass quantifiziert die behauptete Sch\u00e4den, verursacht durch eine Autobahn in Costa Rica am s\u00fcdlichen Rand der R\u00edo San Juan, eine Klage gegen Costa Rica an der Central American Court of Justice (CCJ), zu erweitern, die bereits die Stra\u00dfenarbeiten verurteilt. Das Landgericht, Sitz in Managua, verurteilt Montag [&hellip;]<\/p>\n","protected":false},"author":1,"featured_media":0,"comment_status":"close","ping_status":"open","sticky":false,"template":"","format":"standard","meta":{"footnotes":""},"categories":[3],"tags":[47246],"class_list":["post-38716","post","type-post","status-publish","format-standard","hentry","category-allgemeine","tag-wildlife","et-doesnt-have-format-content","et_post_format-et-post-format-standard"],"_links":{"self":[{"href":"https:\/\/www.best-dentist-dentistry.com\/de\/wp-json\/wp\/v2\/posts\/38716","targetHints":{"allow":["GET"]}}],"collection":[{"href":"https:\/\/www.best-dentist-dentistry.com\/de\/wp-json\/wp\/v2\/posts"}],"about":[{"href":"https:\/\/www.best-dentist-dentistry.com\/de\/wp-json\/wp\/v2\/types\/post"}],"author":[{"embeddable":true,"href":"https:\/\/www.best-dentist-dentistry.com\/de\/wp-json\/wp\/v2\/users\/1"}],"replies":[{"embeddable":true,"href":"https:\/\/www.best-dentist-dentistry.com\/de\/wp-json\/wp\/v2\/comments?post=38716"}],"version-history":[{"count":0,"href":"https:\/\/www.best-dentist-dentistry.com\/de\/wp-json\/wp\/v2\/posts\/38716\/revisions"}],"wp:attachment":[{"href":"https:\/\/www.best-dentist-dentistry.com\/de\/wp-json\/wp\/v2\/media?parent=38716"}],"wp:term":[{"taxonomy":"category","embeddable":true,"href":"https:\/\/www.best-dentist-dentistry.com\/de\/wp-json\/wp\/v2\/categories?post=38716"},{"taxonomy":"post_tag","embeddable":true,"href":"https:\/\/www.best-dentist-dentistry.com\/de\/wp-json\/wp\/v2\/tags?post=38716"}],"curies":[{"name":"wp","href":"https:\/\/api.w.org\/{rel}","templated":true}]}}